{"id":1836,"date":"2024-04-06T17:05:20","date_gmt":"2024-04-06T14:05:20","guid":{"rendered":"https:\/\/haberv8.thewpdemo.com\/serenay-sarikaya-yeni-projesi-icin-kollari-sivadi\/-1836.html"},"modified":"2024-04-06T17:05:20","modified_gmt":"2024-04-06T14:05:20","slug":"serenay-sarikaya-yeni-projesi-icin-kollari-sivadi","status":"publish","type":"post","link":"https:\/\/avukatimtv.com\/index.php\/2024\/04\/06\/serenay-sarikaya-yeni-projesi-icin-kollari-sivadi\/","title":{"rendered":"Serenay Sar\u0131kaya yeni projesi i\u00e7in kollar\u0131 s\u0131vad\u0131"},"content":{"rendered":"<\/p>\n<p class=\"text\">Aile dizisinde herkesin be\u011fenisini kazanan Serenay Sar\u0131kaya, reklam filmiyle ekranlara d\u00f6necek. <\/p>\n<p class=\"text\">\u00d6zel bir bankan\u0131n reklam\u0131nda yer almaya haz\u0131rlanan Sar\u0131kaya&#8217;n\u0131n foto\u011fraflar\u0131, sosyal medyaya d\u00fc\u015ft\u00fc.<\/p>\n<p class=\"text\">\u00dcnl\u00fc ismin foto\u011fraflar\u0131 k\u0131sa s\u00fcre i\u00e7erisinde sosyal medyada en \u00e7ok payla\u015f\u0131lanlar aras\u0131na girdi.<\/p>\n<p><strong>Be\u011feni toplad\u0131<\/strong><\/p>\n<p class=\"text\">Sar\u0131kaya&#8217;n\u0131n reklam filminden d\u00fc\u015fen ve sosyal medyadan payla\u015f\u0131lan karelerine be\u011feni ya\u011fd\u0131.<\/p>\n<p class=\"text\">G\u00fczel ismin hayranlar\u0131 yeniden ekrana d\u00f6nmesi i\u00e7in bask\u0131 yapmaya ba\u015flad\u0131. <\/p>\n<p><img decoding=\"async\" src=\"https:\/\/haberv8.thewpdemo.com\/wp-content\/uploads\/2024\/04\/serenay-sarikaya-yeni-projesi-icin-kollari-sivadi-0.jpg\" \/><img decoding=\"async\" src=\"https:\/\/haberv8.thewpdemo.com\/wp-content\/uploads\/2024\/04\/serenay-sarikaya-yeni-projesi-icin-kollari-sivadi-1.jpg\" \/><img decoding=\"async\" src=\"https:\/\/haberv8.thewpdemo.com\/wp-content\/uploads\/2024\/04\/serenay-sarikaya-yeni-projesi-icin-kollari-sivadi-2.jpg\" \/><img decoding=\"async\" src=\"https:\/\/haberv8.thewpdemo.com\/wp-content\/uploads\/2024\/04\/serenay-sarikaya-yeni-projesi-icin-kollari-sivadi-3.jpg\" \/><img decoding=\"async\" src=\"https:\/\/haberv8.thewpdemo.com\/wp-content\/uploads\/2024\/04\/serenay-sarikaya-yeni-projesi-icin-kollari-sivadi-4.jpg\" \/><img decoding=\"async\" src=\"https:\/\/haberv8.thewpdemo.com\/wp-content\/uploads\/2024\/04\/serenay-sarikaya-yeni-projesi-icin-kollari-sivadi-5.jpg\" \/><\/p>\n","protected":false},"excerpt":{"rendered":"<p>Aile dizisinde herkesin be\u011fenisini kazanan Serenay Sar\u0131kaya, reklam filmiyle ekranlara d\u00f6necek. \u00d6zel bir bankan\u0131n reklam\u0131nda yer almaya haz\u0131rlanan Sar\u0131kaya&#8217;n\u0131n foto\u011fraflar\u0131, sosyal medyaya d\u00fc\u015ft\u00fc. \u00dcnl\u00fc ismin foto\u011fraflar\u0131 k\u0131sa s\u00fcre i\u00e7erisinde sosyal medyada en \u00e7ok payla\u015f\u0131lanlar aras\u0131na girdi. Be\u011feni toplad\u0131 Sar\u0131kaya&#8217;n\u0131n reklam filminden d\u00fc\u015fen ve sosyal medyadan payla\u015f\u0131lan karelerine be\u011feni ya\u011fd\u0131. G\u00fczel ismin hayranlar\u0131 yeniden ekrana d\u00f6nmesi [&hellip;]<\/p>\n","protected":false},"author":1,"featured_media":1842,"comment_status":"open","ping_status":"closed","sticky":false,"template":"","format":"standard","meta":{"footnotes":""},"categories":[9],"tags":[27],"class_list":["post-1836","post","type-post","status-publish","format-standard","has-post-thumbnail","hentry","category-magazin","tag-magazin"],"_links":{"self":[{"href":"https:\/\/avukatimtv.com\/index.php\/wp-json\/wp\/v2\/posts\/1836","targetHints":{"allow":["GET"]}}],"collection":[{"href":"https:\/\/avukatimtv.com\/index.php\/wp-json\/wp\/v2\/posts"}],"about":[{"href":"https:\/\/avukatimtv.com\/index.php\/wp-json\/wp\/v2\/types\/post"}],"author":[{"embeddable":true,"href":"https:\/\/avukatimtv.com\/index.php\/wp-json\/wp\/v2\/users\/1"}],"replies":[{"embeddable":true,"href":"https:\/\/avukatimtv.com\/index.php\/wp-json\/wp\/v2\/comments?post=1836"}],"version-history":[{"count":0,"href":"https:\/\/avukatimtv.com\/index.php\/wp-json\/wp\/v2\/posts\/1836\/revisions"}],"wp:featuredmedia":[{"embeddable":true,"href":"https:\/\/avukatimtv.com\/index.php\/wp-json\/wp\/v2\/media\/1842"}],"wp:attachment":[{"href":"https:\/\/avukatimtv.com\/index.php\/wp-json\/wp\/v2\/media?parent=1836"}],"wp:term":[{"taxonomy":"category","embeddable":true,"href":"https:\/\/avukatimtv.com\/index.php\/wp-json\/wp\/v2\/categories?post=1836"},{"taxonomy":"post_tag","embeddable":true,"href":"https:\/\/avukatimtv.com\/index.php\/wp-json\/wp\/v2\/tags?post=1836"}],"curies":[{"name":"wp","href":"https:\/\/api.w.org\/{rel}","templated":true}]}}