{"id":1839,"date":"2024-04-06T17:05:21","date_gmt":"2024-04-06T14:05:21","guid":{"rendered":"https:\/\/haberv8.thewpdemo.com\/eda-ece-anne-oldu-bakin-kizina-hangi-ismi-verdi\/-1839.html"},"modified":"2024-04-06T17:05:21","modified_gmt":"2024-04-06T14:05:21","slug":"eda-ece-anne-oldu-bakin-kizina-hangi-ismi-verdi","status":"publish","type":"post","link":"https:\/\/avukatimtv.com\/index.php\/2024\/04\/06\/eda-ece-anne-oldu-bakin-kizina-hangi-ismi-verdi\/","title":{"rendered":"Eda Ece anne oldu! Bak\u0131n k\u0131z\u0131na hangi ismi verdi"},"content":{"rendered":"<\/p>\n<p class=\"text\">Yasak Elma dizisiyle tan\u0131nan Eda Ece, Bu\u011frahan Tuncer ile evlendi.<\/p>\n<p class=\"text\">Uzun zamand\u0131r birlikte olan ikili, evlendikten sonra ise anne-baba olacaklar\u0131n\u0131 duyurdu.<\/p>\n<p class=\"text\">Anne-baba olman\u0131n heyecan\u0131n\u0131 aylarca ya\u015fayan ikili, bug\u00fcn ise mutlu sona ula\u015ft\u0131.<\/p>\n<p><strong>K\u0131zlar\u0131 d\u00fcnyaya geldi<\/strong><\/p>\n<p class=\"text\">Eda Ece bug\u00fcn k\u0131z\u0131 Mina \u0130pek&#8217;i d\u00fcnyaya getirdi. Do\u011fuma kadar bebe\u011fin ismini duyurmayan Ece&#8217;nin Mina \u0130pek koymas\u0131 da \u015fa\u015f\u0131rtt\u0131. Oyuncu verdi\u011fi r\u00f6portajlarda iki isim koymayaca\u011f\u0131n\u0131 s\u00f6ylemi\u015fti.<\/p>\n<p><strong>Galatasaray&#8217;\u0131n hesab\u0131ndan payla\u015f\u0131ld\u0131<\/strong><\/p>\n<p class=\"text\">Galatasaray Basketbol hesab\u0131 baba olan Bu\u011frahan Tuncer&#8217;i \u015fu s\u00f6zlerle kutlad\u0131;<\/p>\n<p>Ho\u015fgeldin Mina \u0130pek Tuncer&#8230;<\/p>\n<p>De\u011ferli oyuncumuz Bu\u011frahan Tuncer ve sevgili e\u015fi Eda Ece Tuncer&#8217;in bug\u00fcn d\u00fcnyaya gelen k\u0131zlar\u0131 Mina \u0130pek\u2019e sa\u011fl\u0131k, mutluluk dolu uzun bir \u00f6m\u00fcr diler, Tuncer Ailesi\u2019ni g\u00f6n\u00fclden tebrik ederiz. Galatasaray Ailesi\u2019ne ho\u015f geldin Mina \u0130pek Tuncer.<\/p>\n<p><img decoding=\"async\" src=\"https:\/\/haberv8.thewpdemo.com\/wp-content\/uploads\/2024\/04\/eda-ece-anne-oldu-bakin-kizina-hangi-ismi-verdi-0.jpg\" \/><img decoding=\"async\" src=\"https:\/\/haberv8.thewpdemo.com\/wp-content\/uploads\/2024\/04\/eda-ece-anne-oldu-bakin-kizina-hangi-ismi-verdi-1.jpg\" \/><img decoding=\"async\" src=\"https:\/\/haberv8.thewpdemo.com\/wp-content\/uploads\/2024\/04\/eda-ece-anne-oldu-bakin-kizina-hangi-ismi-verdi-2.jpg\" \/><img decoding=\"async\" src=\"https:\/\/haberv8.thewpdemo.com\/wp-content\/uploads\/2024\/04\/eda-ece-anne-oldu-bakin-kizina-hangi-ismi-verdi-3.jpg\" \/><img decoding=\"async\" src=\"https:\/\/haberv8.thewpdemo.com\/wp-content\/uploads\/2024\/04\/eda-ece-anne-oldu-bakin-kizina-hangi-ismi-verdi-4.jpg\" \/><img decoding=\"async\" src=\"https:\/\/haberv8.thewpdemo.com\/wp-content\/uploads\/2024\/04\/eda-ece-anne-oldu-bakin-kizina-hangi-ismi-verdi-5.jpg\" \/><img decoding=\"async\" src=\"https:\/\/haberv8.thewpdemo.com\/wp-content\/uploads\/2024\/04\/eda-ece-anne-oldu-bakin-kizina-hangi-ismi-verdi-6.jpg\" \/><img decoding=\"async\" src=\"https:\/\/haberv8.thewpdemo.com\/wp-content\/uploads\/2024\/04\/eda-ece-anne-oldu-bakin-kizina-hangi-ismi-verdi-7.jpg\" \/><\/p>\n","protected":false},"excerpt":{"rendered":"<p>Yasak Elma dizisiyle tan\u0131nan Eda Ece, Bu\u011frahan Tuncer ile evlendi. Uzun zamand\u0131r birlikte olan ikili, evlendikten sonra ise anne-baba olacaklar\u0131n\u0131 duyurdu. Anne-baba olman\u0131n heyecan\u0131n\u0131 aylarca ya\u015fayan ikili, bug\u00fcn ise mutlu sona ula\u015ft\u0131. K\u0131zlar\u0131 d\u00fcnyaya geldi Eda Ece bug\u00fcn k\u0131z\u0131 Mina \u0130pek&#8217;i d\u00fcnyaya getirdi. Do\u011fuma kadar bebe\u011fin ismini duyurmayan Ece&#8217;nin Mina \u0130pek koymas\u0131 da \u015fa\u015f\u0131rtt\u0131. Oyuncu [&hellip;]<\/p>\n","protected":false},"author":1,"featured_media":1849,"comment_status":"open","ping_status":"closed","sticky":false,"template":"","format":"standard","meta":{"footnotes":""},"categories":[9],"tags":[27],"class_list":["post-1839","post","type-post","status-publish","format-standard","has-post-thumbnail","hentry","category-magazin","tag-magazin"],"_links":{"self":[{"href":"https:\/\/avukatimtv.com\/index.php\/wp-json\/wp\/v2\/posts\/1839","targetHints":{"allow":["GET"]}}],"collection":[{"href":"https:\/\/avukatimtv.com\/index.php\/wp-json\/wp\/v2\/posts"}],"about":[{"href":"https:\/\/avukatimtv.com\/index.php\/wp-json\/wp\/v2\/types\/post"}],"author":[{"embeddable":true,"href":"https:\/\/avukatimtv.com\/index.php\/wp-json\/wp\/v2\/users\/1"}],"replies":[{"embeddable":true,"href":"https:\/\/avukatimtv.com\/index.php\/wp-json\/wp\/v2\/comments?post=1839"}],"version-history":[{"count":0,"href":"https:\/\/avukatimtv.com\/index.php\/wp-json\/wp\/v2\/posts\/1839\/revisions"}],"wp:featuredmedia":[{"embeddable":true,"href":"https:\/\/avukatimtv.com\/index.php\/wp-json\/wp\/v2\/media\/1849"}],"wp:attachment":[{"href":"https:\/\/avukatimtv.com\/index.php\/wp-json\/wp\/v2\/media?parent=1839"}],"wp:term":[{"taxonomy":"category","embeddable":true,"href":"https:\/\/avukatimtv.com\/index.php\/wp-json\/wp\/v2\/categories?post=1839"},{"taxonomy":"post_tag","embeddable":true,"href":"https:\/\/avukatimtv.com\/index.php\/wp-json\/wp\/v2\/tags?post=1839"}],"curies":[{"name":"wp","href":"https:\/\/api.w.org\/{rel}","templated":true}]}}