{"id":1844,"date":"2024-04-06T17:05:23","date_gmt":"2024-04-06T14:05:23","guid":{"rendered":"https:\/\/haberv8.thewpdemo.com\/rafet-el-romandan-ilginc-dans-performansi\/-1844.html"},"modified":"2024-04-06T17:05:23","modified_gmt":"2024-04-06T14:05:23","slug":"rafet-el-romandan-ilginc-dans-performansi","status":"publish","type":"post","link":"https:\/\/avukatimtv.com\/index.php\/2024\/04\/06\/rafet-el-romandan-ilginc-dans-performansi\/","title":{"rendered":"Rafet El Roman\u2019dan ilgin\u00e7 dans performans\u0131"},"content":{"rendered":"<\/p>\n<p class=\"text\">\u015eark\u0131c\u0131 Rafet El Roman, bu kez sahne performans\u0131 ile ad\u0131ndan s\u00f6z ettirdi.<\/p>\n<p class=\"text\">K\u0131sa bir s\u00fcre \u00f6nce de estetikleriyle konu\u015fulan El Roman bu kez de sahnede ger\u00e7ekle\u015ftirdi\u011fi kendisine \u00f6zg\u00fc dans\u0131 ile g\u00fcndeme geldi.<\/p>\n<p><strong>Dans ederken enerjisi bitmedi<\/strong><\/p>\n<p class=\"text\">Rafet El Roman\u2019\u0131n sahnede orkestran\u0131n h\u0131zl\u0131 ritmine ayak uydururken, enerjisinin bir an bile t\u00fckenmedi\u011fi ve hi\u00e7 zorlanmad\u0131\u011f\u0131 g\u00f6r\u00fcld\u00fc.<\/p>\n<p class=\"text\">Ya\u015flanmayan \u00fcnl\u00fclerden olan Roman, ritim dans\u0131 ile adeta gen\u00e7lere ta\u015f \u00e7\u0131kartt\u0131.<\/p>\n<p><img decoding=\"async\" src=\"https:\/\/haberv8.thewpdemo.com\/wp-content\/uploads\/2024\/04\/rafet-el-romandan-ilginc-dans-performansi-0.jpg\" \/><\/p>\n","protected":false},"excerpt":{"rendered":"<p>\u015eark\u0131c\u0131 Rafet El Roman, bu kez sahne performans\u0131 ile ad\u0131ndan s\u00f6z ettirdi. K\u0131sa bir s\u00fcre \u00f6nce de estetikleriyle konu\u015fulan El Roman bu kez de sahnede ger\u00e7ekle\u015ftirdi\u011fi kendisine \u00f6zg\u00fc dans\u0131 ile g\u00fcndeme geldi. Dans ederken enerjisi bitmedi Rafet El Roman\u2019\u0131n sahnede orkestran\u0131n h\u0131zl\u0131 ritmine ayak uydururken, enerjisinin bir an bile t\u00fckenmedi\u011fi ve hi\u00e7 zorlanmad\u0131\u011f\u0131 g\u00f6r\u00fcld\u00fc. Ya\u015flanmayan [&hellip;]<\/p>\n","protected":false},"author":1,"featured_media":1847,"comment_status":"open","ping_status":"closed","sticky":false,"template":"","format":"standard","meta":{"footnotes":""},"categories":[9],"tags":[27],"class_list":["post-1844","post","type-post","status-publish","format-standard","has-post-thumbnail","hentry","category-magazin","tag-magazin"],"_links":{"self":[{"href":"https:\/\/avukatimtv.com\/index.php\/wp-json\/wp\/v2\/posts\/1844","targetHints":{"allow":["GET"]}}],"collection":[{"href":"https:\/\/avukatimtv.com\/index.php\/wp-json\/wp\/v2\/posts"}],"about":[{"href":"https:\/\/avukatimtv.com\/index.php\/wp-json\/wp\/v2\/types\/post"}],"author":[{"embeddable":true,"href":"https:\/\/avukatimtv.com\/index.php\/wp-json\/wp\/v2\/users\/1"}],"replies":[{"embeddable":true,"href":"https:\/\/avukatimtv.com\/index.php\/wp-json\/wp\/v2\/comments?post=1844"}],"version-history":[{"count":0,"href":"https:\/\/avukatimtv.com\/index.php\/wp-json\/wp\/v2\/posts\/1844\/revisions"}],"wp:featuredmedia":[{"embeddable":true,"href":"https:\/\/avukatimtv.com\/index.php\/wp-json\/wp\/v2\/media\/1847"}],"wp:attachment":[{"href":"https:\/\/avukatimtv.com\/index.php\/wp-json\/wp\/v2\/media?parent=1844"}],"wp:term":[{"taxonomy":"category","embeddable":true,"href":"https:\/\/avukatimtv.com\/index.php\/wp-json\/wp\/v2\/categories?post=1844"},{"taxonomy":"post_tag","embeddable":true,"href":"https:\/\/avukatimtv.com\/index.php\/wp-json\/wp\/v2\/tags?post=1844"}],"curies":[{"name":"wp","href":"https:\/\/api.w.org\/{rel}","templated":true}]}}