{"id":1892,"date":"2024-04-06T17:07:12","date_gmt":"2024-04-06T14:07:12","guid":{"rendered":"https:\/\/haberv8.thewpdemo.com\/bingolde-ak-partiden-2inci-kez-secilen-erdal-arikan-gelecege-yonelik-vizyonunu-acikladi\/-1892.html"},"modified":"2024-04-06T17:07:12","modified_gmt":"2024-04-06T14:07:12","slug":"bingolde-ak-partiden-2inci-kez-secilen-erdal-arikan-gelecege-yonelik-vizyonunu-acikladi","status":"publish","type":"post","link":"https:\/\/avukatimtv.com\/index.php\/2024\/04\/06\/bingolde-ak-partiden-2inci-kez-secilen-erdal-arikan-gelecege-yonelik-vizyonunu-acikladi\/","title":{"rendered":"Bing\u00f6l&#8217;de AK Parti&#8217;den 2\u2019inci kez se\u00e7ilen Erdal Ar\u0131kan, gelece\u011fe y\u00f6nelik vizyonunu a\u00e7\u0131klad\u0131"},"content":{"rendered":"<p>AK Parti&#8217;nin belediye ba\u015fkan aday\u0131 ve mevcut Ba\u015fkan Erdal Ar\u0131kan, resmi olmayan sonu\u00e7lara g\u00f6re y\u00fczde 35,18 oran\u0131nda oy alarak se\u00e7imi kazand\u0131. Sand\u0131klar\u0131n y\u00fczde 97&#8217;sinin a\u00e7\u0131lmas\u0131ndan sonra konu\u015fan Ar\u0131kan, se\u00e7menlere te\u015fekk\u00fcr ederek, gelecek d\u00f6nem i\u00e7in haz\u0131rl\u0131klar\u0131n ba\u015flayaca\u011f\u0131n\u0131 belirtti.<br \/>\nAr\u0131kan &#8220;\u0130sti\u015fareyi hep \u00f6ne alaca\u011f\u0131z. \u0130sti\u015fare yapan insan, hi\u00e7bir zaman kaybetmez. Kolay kolay yanl\u0131\u015f yapmaz. Yar\u0131n yanl\u0131\u015f yapsa bile minimuma indirir.<\/p>\n<\/p>\n<p>Bundan dolay\u0131 ba\u015fta Cumhurba\u015fkan\u0131m\u0131z Recep Tayyip Erdo\u011fan olmak \u00fczere biz hem genel merkezimizle, milletvekillerimizle ve b\u00fct\u00fcn te\u015fkilatlar\u0131m\u0131zla ayn\u0131 hassasiyeti ortaya koyaca\u011f\u0131z. Yine sizlerle birlikte bu memleketi y\u00f6netece\u011fiz. \u015eunu \u00e7ok net s\u00f6yl\u00fcyorum; bizim birinci d\u00f6nem \u00e7ok ciddi bir heyecan\u0131m\u0131z vard\u0131. Sizlerin bug\u00fcn bize verdi\u011fi bu \u00f6nemli sorumluluk gere\u011fi heyecan\u0131m\u0131z\u0131 in\u015fallah art\u0131rarak sahada olaca\u011f\u0131z. Bu d\u00f6nem in\u015fallah g\u00f6receksiniz, hi\u00e7 zaman kaybetmeden planlamam\u0131z\u0131 yaparken bu \u015fehrin 50 y\u0131l sonras\u0131n\u0131, 100 y\u0131l sonras\u0131n\u0131 planlayaca\u011f\u0131z. Bize ne yak\u0131\u015f\u0131r, \u015fu an bu memlekette ya\u015fayan her bir vatanda\u015f\u0131m\u0131z\u0131n, her bir hem\u015ferimizin, bu memleketin her bir insan\u0131n\u0131n 50 y\u0131l sonras\u0131nda da, 100 y\u0131l sonras\u0131nda da gelecek nesillere Bing\u00f6l&#8217;\u00fc emanet edece\u011fiz&#8221;<\/p>\n","protected":false},"excerpt":{"rendered":"<p>AK Parti&#8217;nin belediye ba\u015fkan aday\u0131 ve mevcut Ba\u015fkan Erdal Ar\u0131kan, resmi olmayan sonu\u00e7lara g\u00f6re y\u00fczde 35,18 oran\u0131nda oy alarak se\u00e7imi kazand\u0131. Sand\u0131klar\u0131n y\u00fczde 97&#8217;sinin a\u00e7\u0131lmas\u0131ndan sonra konu\u015fan Ar\u0131kan, se\u00e7menlere te\u015fekk\u00fcr ederek, gelecek d\u00f6nem i\u00e7in haz\u0131rl\u0131klar\u0131n ba\u015flayaca\u011f\u0131n\u0131 belirtti. Ar\u0131kan &#8220;\u0130sti\u015fareyi hep \u00f6ne alaca\u011f\u0131z. \u0130sti\u015fare yapan insan, hi\u00e7bir zaman kaybetmez. Kolay kolay yanl\u0131\u015f yapmaz. Yar\u0131n yanl\u0131\u015f yapsa [&hellip;]<\/p>\n","protected":false},"author":1,"featured_media":1894,"comment_status":"open","ping_status":"closed","sticky":false,"template":"","format":"standard","meta":{"footnotes":""},"categories":[17],"tags":[33],"class_list":["post-1892","post","type-post","status-publish","format-standard","has-post-thumbnail","hentry","category-yasam","tag-yasam"],"_links":{"self":[{"href":"https:\/\/avukatimtv.com\/index.php\/wp-json\/wp\/v2\/posts\/1892","targetHints":{"allow":["GET"]}}],"collection":[{"href":"https:\/\/avukatimtv.com\/index.php\/wp-json\/wp\/v2\/posts"}],"about":[{"href":"https:\/\/avukatimtv.com\/index.php\/wp-json\/wp\/v2\/types\/post"}],"author":[{"embeddable":true,"href":"https:\/\/avukatimtv.com\/index.php\/wp-json\/wp\/v2\/users\/1"}],"replies":[{"embeddable":true,"href":"https:\/\/avukatimtv.com\/index.php\/wp-json\/wp\/v2\/comments?post=1892"}],"version-history":[{"count":0,"href":"https:\/\/avukatimtv.com\/index.php\/wp-json\/wp\/v2\/posts\/1892\/revisions"}],"wp:featuredmedia":[{"embeddable":true,"href":"https:\/\/avukatimtv.com\/index.php\/wp-json\/wp\/v2\/media\/1894"}],"wp:attachment":[{"href":"https:\/\/avukatimtv.com\/index.php\/wp-json\/wp\/v2\/media?parent=1892"}],"wp:term":[{"taxonomy":"category","embeddable":true,"href":"https:\/\/avukatimtv.com\/index.php\/wp-json\/wp\/v2\/categories?post=1892"},{"taxonomy":"post_tag","embeddable":true,"href":"https:\/\/avukatimtv.com\/index.php\/wp-json\/wp\/v2\/tags?post=1892"}],"curies":[{"name":"wp","href":"https:\/\/api.w.org\/{rel}","templated":true}]}}