{"id":1895,"date":"2024-04-06T17:07:13","date_gmt":"2024-04-06T14:07:13","guid":{"rendered":"https:\/\/haberv8.thewpdemo.com\/sandik-gorevlisi-tartistigi-adami-bicakladi\/-1895.html"},"modified":"2024-04-06T17:07:13","modified_gmt":"2024-04-06T14:07:13","slug":"sandik-gorevlisi-tartistigi-adami-bicakladi","status":"publish","type":"post","link":"https:\/\/avukatimtv.com\/index.php\/2024\/04\/06\/sandik-gorevlisi-tartistigi-adami-bicakladi\/","title":{"rendered":"Sand\u0131k g\u00f6revl\u0131s\u0131 tart\u0131\u015ft\u0131\u011f\u0131 adam\u0131 b\u0131\u00e7aklad\u0131"},"content":{"rendered":"<p><\/p>\n<p>                        Afyonkarahisar&#8217;da \u00e7\u0131kan tart\u0131\u015fmada b\u0131\u00e7akla baca\u011f\u0131ndan yaralanan mahalle muhtar\u0131, hastaneye kald\u0131r\u0131ld\u0131. \u0130ddiaya g\u00f6re, Ak\u00e7in Y\u00f6r\u00fcko\u011flu Atilla Millik Ortaokulu&#8217;nda sand\u0131k ba\u015f\u0131nda g\u00f6revli Y.B., Ak\u00e7in Mahalle muhtar\u0131 ve aday\u0131 Halit K. (69) ile tart\u0131\u015fmaya ba\u015flad\u0131. Okul bah\u00e7esinde devam eden kavgada Halit K. b\u0131\u00e7akla yaraland\u0131. Okulda g\u00f6revli polisler, olaya m\u00fcdahale etti. Ambulansla \u00f6zel bir hastaneye kald\u0131r\u0131lan muhtar Halit K.&#8217;n\u0131n hayati tehlikesinin bulundu\u011fu \u00f6\u011frenildi. \u015e\u00fcpheli Y.B. polis ekiplerince g\u00f6zalt\u0131na al\u0131nd\u0131.<\/p>\n","protected":false},"excerpt":{"rendered":"<p>Afyonkarahisar&#8217;da \u00e7\u0131kan tart\u0131\u015fmada b\u0131\u00e7akla baca\u011f\u0131ndan yaralanan mahalle muhtar\u0131, hastaneye kald\u0131r\u0131ld\u0131. \u0130ddiaya g\u00f6re, Ak\u00e7in Y\u00f6r\u00fcko\u011flu Atilla Millik Ortaokulu&#8217;nda sand\u0131k ba\u015f\u0131nda g\u00f6revli Y.B., Ak\u00e7in Mahalle muhtar\u0131 ve aday\u0131 Halit K. (69) ile tart\u0131\u015fmaya ba\u015flad\u0131. Okul bah\u00e7esinde devam eden kavgada Halit K. b\u0131\u00e7akla yaraland\u0131. Okulda g\u00f6revli polisler, olaya m\u00fcdahale etti. Ambulansla \u00f6zel bir hastaneye kald\u0131r\u0131lan muhtar Halit K.&#8217;n\u0131n [&hellip;]<\/p>\n","protected":false},"author":1,"featured_media":1897,"comment_status":"open","ping_status":"closed","sticky":false,"template":"","format":"standard","meta":{"footnotes":""},"categories":[17],"tags":[33],"class_list":["post-1895","post","type-post","status-publish","format-standard","has-post-thumbnail","hentry","category-yasam","tag-yasam"],"_links":{"self":[{"href":"https:\/\/avukatimtv.com\/index.php\/wp-json\/wp\/v2\/posts\/1895","targetHints":{"allow":["GET"]}}],"collection":[{"href":"https:\/\/avukatimtv.com\/index.php\/wp-json\/wp\/v2\/posts"}],"about":[{"href":"https:\/\/avukatimtv.com\/index.php\/wp-json\/wp\/v2\/types\/post"}],"author":[{"embeddable":true,"href":"https:\/\/avukatimtv.com\/index.php\/wp-json\/wp\/v2\/users\/1"}],"replies":[{"embeddable":true,"href":"https:\/\/avukatimtv.com\/index.php\/wp-json\/wp\/v2\/comments?post=1895"}],"version-history":[{"count":0,"href":"https:\/\/avukatimtv.com\/index.php\/wp-json\/wp\/v2\/posts\/1895\/revisions"}],"wp:featuredmedia":[{"embeddable":true,"href":"https:\/\/avukatimtv.com\/index.php\/wp-json\/wp\/v2\/media\/1897"}],"wp:attachment":[{"href":"https:\/\/avukatimtv.com\/index.php\/wp-json\/wp\/v2\/media?parent=1895"}],"wp:term":[{"taxonomy":"category","embeddable":true,"href":"https:\/\/avukatimtv.com\/index.php\/wp-json\/wp\/v2\/categories?post=1895"},{"taxonomy":"post_tag","embeddable":true,"href":"https:\/\/avukatimtv.com\/index.php\/wp-json\/wp\/v2\/tags?post=1895"}],"curies":[{"name":"wp","href":"https:\/\/api.w.org\/{rel}","templated":true}]}}