{"id":1898,"date":"2024-04-06T17:07:13","date_gmt":"2024-04-06T14:07:13","guid":{"rendered":"https:\/\/haberv8.thewpdemo.com\/gaziantepte-aci-manzara-seydi-keser-hayatini-kaybetti\/-1898.html"},"modified":"2024-04-06T17:07:13","modified_gmt":"2024-04-06T14:07:13","slug":"gaziantepte-aci-manzara-seydi-keser-hayatini-kaybetti","status":"publish","type":"post","link":"https:\/\/avukatimtv.com\/index.php\/2024\/04\/06\/gaziantepte-aci-manzara-seydi-keser-hayatini-kaybetti\/","title":{"rendered":"Gaziantep\u2019te ac\u0131 manzara: Seydi Keser hayat\u0131n\u0131 kaybetti&#8230;"},"content":{"rendered":"<p><\/p>\n<p>Feci kaza, d\u00fcn ak\u015fam saatlerinde \u015eahinbey il\u00e7esi \u00dcnald\u0131 Mahallesi&#8217;nde meydana geldi. \u0130ddiaya g\u00f6re, \u00fczerinde 26 ya\u015f\u0131ndaki Seydi Keser ve s\u00fcr\u00fcc\u00fc olarak arkada\u015f\u0131n\u0131n bulundu\u011fu motosiklete, ayn\u0131 y\u00f6nden ilerleyen ve plakas\u0131 ile s\u00fcr\u00fcc\u00fcs\u00fc \u00f6\u011frenilemeyen ara\u00e7 arkadan \u00e7arpt\u0131. \u00c7arpma sonucu \u00fczerinde 2 arkada\u015f\u0131n bulundu\u011fu motosiklet metrelerce savruldu.<\/p>\n","protected":false},"excerpt":{"rendered":"<p>Feci kaza, d\u00fcn ak\u015fam saatlerinde \u015eahinbey il\u00e7esi \u00dcnald\u0131 Mahallesi&#8217;nde meydana geldi. \u0130ddiaya g\u00f6re, \u00fczerinde 26 ya\u015f\u0131ndaki Seydi Keser ve s\u00fcr\u00fcc\u00fc olarak arkada\u015f\u0131n\u0131n bulundu\u011fu motosiklete, ayn\u0131 y\u00f6nden ilerleyen ve plakas\u0131 ile s\u00fcr\u00fcc\u00fcs\u00fc \u00f6\u011frenilemeyen ara\u00e7 arkadan \u00e7arpt\u0131. \u00c7arpma sonucu \u00fczerinde 2 arkada\u015f\u0131n bulundu\u011fu motosiklet metrelerce savruldu.<\/p>\n","protected":false},"author":1,"featured_media":1900,"comment_status":"open","ping_status":"closed","sticky":false,"template":"","format":"standard","meta":{"footnotes":""},"categories":[17],"tags":[33],"class_list":["post-1898","post","type-post","status-publish","format-standard","has-post-thumbnail","hentry","category-yasam","tag-yasam"],"_links":{"self":[{"href":"https:\/\/avukatimtv.com\/index.php\/wp-json\/wp\/v2\/posts\/1898","targetHints":{"allow":["GET"]}}],"collection":[{"href":"https:\/\/avukatimtv.com\/index.php\/wp-json\/wp\/v2\/posts"}],"about":[{"href":"https:\/\/avukatimtv.com\/index.php\/wp-json\/wp\/v2\/types\/post"}],"author":[{"embeddable":true,"href":"https:\/\/avukatimtv.com\/index.php\/wp-json\/wp\/v2\/users\/1"}],"replies":[{"embeddable":true,"href":"https:\/\/avukatimtv.com\/index.php\/wp-json\/wp\/v2\/comments?post=1898"}],"version-history":[{"count":0,"href":"https:\/\/avukatimtv.com\/index.php\/wp-json\/wp\/v2\/posts\/1898\/revisions"}],"wp:featuredmedia":[{"embeddable":true,"href":"https:\/\/avukatimtv.com\/index.php\/wp-json\/wp\/v2\/media\/1900"}],"wp:attachment":[{"href":"https:\/\/avukatimtv.com\/index.php\/wp-json\/wp\/v2\/media?parent=1898"}],"wp:term":[{"taxonomy":"category","embeddable":true,"href":"https:\/\/avukatimtv.com\/index.php\/wp-json\/wp\/v2\/categories?post=1898"},{"taxonomy":"post_tag","embeddable":true,"href":"https:\/\/avukatimtv.com\/index.php\/wp-json\/wp\/v2\/tags?post=1898"}],"curies":[{"name":"wp","href":"https:\/\/api.w.org\/{rel}","templated":true}]}}