{"id":1904,"date":"2024-04-06T17:07:15","date_gmt":"2024-04-06T14:07:15","guid":{"rendered":"https:\/\/haberv8.thewpdemo.com\/muhtarlik-kavgasi-1-olu-2-yarali\/-1904.html"},"modified":"2024-04-06T17:07:15","modified_gmt":"2024-04-06T14:07:15","slug":"muhtarlik-kavgasi-1-olu-2-yarali","status":"publish","type":"post","link":"https:\/\/avukatimtv.com\/index.php\/2024\/04\/06\/muhtarlik-kavgasi-1-olu-2-yarali\/","title":{"rendered":"Muhtarl\u0131k kavgas\u0131: 1 \u00f6l\u00fc, 2 yaral\u0131"},"content":{"rendered":"<p><\/p>\n<p>Mardin&#8217;in Nusaybin il\u00e7esine ba\u011fl\u0131 G\u00f6rentepe k\u00f6y\u00fcnde muhtarl\u0131k kavgas\u0131nda 1 ki\u015fi \u00f6ld\u00fc, 2 ki\u015fi yaraland\u0131. \u0130hbar \u00fczerine k\u00f6ye jandarma ve sa\u011fl\u0131k g\u00f6revlileri sevk edildi. Jandarma olay\u0131n b\u00fcy\u00fcmesini engellemek amac\u0131yla k\u00f6yde geni\u015f g\u00fcvenlik \u00f6nlemleri ald\u0131.<\/p>\n<p>K\u00f6ye giri\u015f \u00e7\u0131k\u0131\u015flar kontrol alt\u0131na al\u0131n\u0131rken, yaral\u0131 bir ki\u015fi otopsi amac\u0131yla devlet hastanesi morguna kald\u0131r\u0131ld\u0131. Yaral\u0131lar olay yerinde yap\u0131lan ilk m\u00fcdahaleden sonra ambulansla hastaneye kald\u0131r\u0131larak tedavi alt\u0131na al\u0131nd\u0131.<\/p>\n","protected":false},"excerpt":{"rendered":"<p>Mardin&#8217;in Nusaybin il\u00e7esine ba\u011fl\u0131 G\u00f6rentepe k\u00f6y\u00fcnde muhtarl\u0131k kavgas\u0131nda 1 ki\u015fi \u00f6ld\u00fc, 2 ki\u015fi yaraland\u0131. \u0130hbar \u00fczerine k\u00f6ye jandarma ve sa\u011fl\u0131k g\u00f6revlileri sevk edildi. Jandarma olay\u0131n b\u00fcy\u00fcmesini engellemek amac\u0131yla k\u00f6yde geni\u015f g\u00fcvenlik \u00f6nlemleri ald\u0131. K\u00f6ye giri\u015f \u00e7\u0131k\u0131\u015flar kontrol alt\u0131na al\u0131n\u0131rken, yaral\u0131 bir ki\u015fi otopsi amac\u0131yla devlet hastanesi morguna kald\u0131r\u0131ld\u0131. Yaral\u0131lar olay yerinde yap\u0131lan ilk m\u00fcdahaleden sonra [&hellip;]<\/p>\n","protected":false},"author":1,"featured_media":1906,"comment_status":"open","ping_status":"closed","sticky":false,"template":"","format":"standard","meta":{"footnotes":""},"categories":[17],"tags":[33],"class_list":["post-1904","post","type-post","status-publish","format-standard","has-post-thumbnail","hentry","category-yasam","tag-yasam"],"_links":{"self":[{"href":"https:\/\/avukatimtv.com\/index.php\/wp-json\/wp\/v2\/posts\/1904","targetHints":{"allow":["GET"]}}],"collection":[{"href":"https:\/\/avukatimtv.com\/index.php\/wp-json\/wp\/v2\/posts"}],"about":[{"href":"https:\/\/avukatimtv.com\/index.php\/wp-json\/wp\/v2\/types\/post"}],"author":[{"embeddable":true,"href":"https:\/\/avukatimtv.com\/index.php\/wp-json\/wp\/v2\/users\/1"}],"replies":[{"embeddable":true,"href":"https:\/\/avukatimtv.com\/index.php\/wp-json\/wp\/v2\/comments?post=1904"}],"version-history":[{"count":0,"href":"https:\/\/avukatimtv.com\/index.php\/wp-json\/wp\/v2\/posts\/1904\/revisions"}],"wp:featuredmedia":[{"embeddable":true,"href":"https:\/\/avukatimtv.com\/index.php\/wp-json\/wp\/v2\/media\/1906"}],"wp:attachment":[{"href":"https:\/\/avukatimtv.com\/index.php\/wp-json\/wp\/v2\/media?parent=1904"}],"wp:term":[{"taxonomy":"category","embeddable":true,"href":"https:\/\/avukatimtv.com\/index.php\/wp-json\/wp\/v2\/categories?post=1904"},{"taxonomy":"post_tag","embeddable":true,"href":"https:\/\/avukatimtv.com\/index.php\/wp-json\/wp\/v2\/tags?post=1904"}],"curies":[{"name":"wp","href":"https:\/\/api.w.org\/{rel}","templated":true}]}}