{"id":1907,"date":"2024-04-06T17:07:16","date_gmt":"2024-04-06T14:07:16","guid":{"rendered":"https:\/\/haberv8.thewpdemo.com\/kiziltepede-silahla-vurulan-kisi-hayatini-kaybetti\/-1907.html"},"modified":"2024-04-06T17:07:16","modified_gmt":"2024-04-06T14:07:16","slug":"kiziltepede-silahla-vurulan-kisi-hayatini-kaybetti","status":"publish","type":"post","link":"https:\/\/avukatimtv.com\/index.php\/2024\/04\/06\/kiziltepede-silahla-vurulan-kisi-hayatini-kaybetti\/","title":{"rendered":"K\u0131z\u0131ltepe\u2019de silahla vurulan ki\u015fi hayat\u0131n\u0131 kaybetti"},"content":{"rendered":"<p><\/p>\n<p>K\u0131z\u0131ltepe il\u00e7esinde aralar\u0131nda alacak-verecek oldu\u011fu iddia edilen iki ki\u015fi aras\u0131nda ya\u015fanan olayda ba\u015f\u0131na isabet eden mermi ile a\u011f\u0131r yaralanan \u015e\u00fckrullah \u00c7ankaya tedavi g\u00f6rd\u00fc\u011f\u00fc hastanede hayat\u0131n\u0131 kaybetti.<\/p>\n<p>Edinilen bilgilere g\u00f6re il\u00e7eye ba\u011fl\u0131 merkez Bah\u00e7elievler Mahallesinde meydan gelen \u00f6\u011flen saatlerinde meydana gelen olayda, iddiaya g\u00f6re alacakl\u0131 oldu\u011fu M.S. isimli ki\u015fi ile 61 ya\u015f\u0131ndaki \u015e\u00fckrullah \u00c7ankaya aras\u0131nda ya\u015fanan silahl\u0131 kavgada, \u00c7ankaya ba\u015f\u0131na isabet eden mermi ile a\u011f\u0131r yaraland\u0131.<\/p>\n<p>\u0130hbar \u00fczerine olay yerine sevk edilen 112 Sa\u011fl\u0131k ekiplerinin m\u00fcdahalesinin ard\u0131ndan ambulansla K\u0131z\u0131ltepe Devlet Hastanesine kald\u0131r\u0131lan \u00c7ankaya, burada ameliyata al\u0131nd\u0131\u011f\u0131 ancak t\u00fcm m\u00fcdahalelere ra\u011fmen kurtar\u0131lamayarak hayat\u0131n\u0131 kaybetti\u011fi belirlendi. Olay ilgili soru\u015fturma ba\u015flat\u0131lan soru\u015fturma devam ediyor.<\/p>\n","protected":false},"excerpt":{"rendered":"<p>K\u0131z\u0131ltepe il\u00e7esinde aralar\u0131nda alacak-verecek oldu\u011fu iddia edilen iki ki\u015fi aras\u0131nda ya\u015fanan olayda ba\u015f\u0131na isabet eden mermi ile a\u011f\u0131r yaralanan \u015e\u00fckrullah \u00c7ankaya tedavi g\u00f6rd\u00fc\u011f\u00fc hastanede hayat\u0131n\u0131 kaybetti. Edinilen bilgilere g\u00f6re il\u00e7eye ba\u011fl\u0131 merkez Bah\u00e7elievler Mahallesinde meydan gelen \u00f6\u011flen saatlerinde meydana gelen olayda, iddiaya g\u00f6re alacakl\u0131 oldu\u011fu M.S. isimli ki\u015fi ile 61 ya\u015f\u0131ndaki \u015e\u00fckrullah \u00c7ankaya aras\u0131nda ya\u015fanan [&hellip;]<\/p>\n","protected":false},"author":1,"featured_media":1909,"comment_status":"open","ping_status":"closed","sticky":false,"template":"","format":"standard","meta":{"footnotes":""},"categories":[17],"tags":[33],"class_list":["post-1907","post","type-post","status-publish","format-standard","has-post-thumbnail","hentry","category-yasam","tag-yasam"],"_links":{"self":[{"href":"https:\/\/avukatimtv.com\/index.php\/wp-json\/wp\/v2\/posts\/1907","targetHints":{"allow":["GET"]}}],"collection":[{"href":"https:\/\/avukatimtv.com\/index.php\/wp-json\/wp\/v2\/posts"}],"about":[{"href":"https:\/\/avukatimtv.com\/index.php\/wp-json\/wp\/v2\/types\/post"}],"author":[{"embeddable":true,"href":"https:\/\/avukatimtv.com\/index.php\/wp-json\/wp\/v2\/users\/1"}],"replies":[{"embeddable":true,"href":"https:\/\/avukatimtv.com\/index.php\/wp-json\/wp\/v2\/comments?post=1907"}],"version-history":[{"count":0,"href":"https:\/\/avukatimtv.com\/index.php\/wp-json\/wp\/v2\/posts\/1907\/revisions"}],"wp:featuredmedia":[{"embeddable":true,"href":"https:\/\/avukatimtv.com\/index.php\/wp-json\/wp\/v2\/media\/1909"}],"wp:attachment":[{"href":"https:\/\/avukatimtv.com\/index.php\/wp-json\/wp\/v2\/media?parent=1907"}],"wp:term":[{"taxonomy":"category","embeddable":true,"href":"https:\/\/avukatimtv.com\/index.php\/wp-json\/wp\/v2\/categories?post=1907"},{"taxonomy":"post_tag","embeddable":true,"href":"https:\/\/avukatimtv.com\/index.php\/wp-json\/wp\/v2\/tags?post=1907"}],"curies":[{"name":"wp","href":"https:\/\/api.w.org\/{rel}","templated":true}]}}