{"id":1913,"date":"2024-04-06T17:07:20","date_gmt":"2024-04-06T14:07:20","guid":{"rendered":"https:\/\/haberv8.thewpdemo.com\/yer-gaziantep-o-vicdansiz-gozaltina-alindi\/-1913.html"},"modified":"2024-04-06T17:07:20","modified_gmt":"2024-04-06T14:07:20","slug":"yer-gaziantep-o-vicdansiz-gozaltina-alindi","status":"publish","type":"post","link":"https:\/\/avukatimtv.com\/index.php\/2024\/04\/06\/yer-gaziantep-o-vicdansiz-gozaltina-alindi\/","title":{"rendered":"Yer Gaziantep: O vicdans\u0131z g\u00f6zalt\u0131na al\u0131nd\u0131!"},"content":{"rendered":"<p><\/p>\n<p>Gaziantep&#8217;te bir ki\u015finin sosyal medya hesab\u0131 \u00fczerinden \u00f6ld\u00fcrd\u00fc\u011f\u00fc k\u00f6pe\u011fi at arabas\u0131 arkas\u0131na ba\u011flay\u0131p s\u00fcr\u00fckletti\u011fi g\u00f6r\u00fcnt\u00fcleri yay\u0131nlamas\u0131 \u00fczerine inceleme ba\u015flat\u0131ld\u0131. Jandarma ekiplerinin yapt\u0131\u011f\u0131 incelemede g\u00f6r\u00fcnt\u00fclerdeki ki\u015finin Mehmet H. oldu\u011fu belirlenerek g\u00f6zalt\u0131na al\u0131nd\u0131.<\/p>\n<p><strong>&#8216;G\u00d6T\u00dcR\u00dcP \u0130L\u00c7E DI\u015eINA ATIN&#8217;<\/strong><br \/>\nMehmet H.&#8217;nin sosyal medya hesab\u0131 \u00fczerinden payla\u015ft\u0131\u011f\u0131 g\u00f6r\u00fcnt\u00fcler b\u00fcy\u00fck tepki toparken, g\u00f6r\u00fcnt\u00fclerde \u00f6ld\u00fcrd\u00fc\u011f\u00fc k\u00f6pe\u011fi at arabas\u0131 arkas\u0131na ip ile ba\u011flay\u0131p s\u00fcr\u00fckletti\u011fi g\u00f6r\u00fcld\u00fc. G\u00f6r\u00fcnt\u00fclerde ayr\u0131ca Mehmet H.&#8217;nin &#8221;Birka\u00e7 g\u00fcn \u00f6nce demi\u015ftim. Seni bu il\u00e7edeki k\u00f6ylere almazlar diye. B\u00f6yle kuduran k\u00f6pe\u011fin ba\u015f\u0131na bir \u015fey gelir diye. Bak\u0131n \u00f6ld\u00fc. O\u011fuzeli&#8217;ne gelme demi\u015ftim beni dinlemedin. Bak ba\u015f\u0131na ne geldi, kim vurduya gittin. Bunu g\u00f6t\u00fcr\u00fcp il\u00e7e d\u0131\u015f\u0131na at\u0131n. Bak\u0131n sonu\u00e7 b\u00f6yle olur&#8221; dedi\u011fi duyuldu.<\/p>\n<p><strong>VAL\u0130L\u0130KTEN A\u00c7IKLAMA GELD\u0130<\/strong><br \/>\nKonuyla ilgili Gaziantep Valili\u011fi yaz\u0131l\u0131 a\u00e7\u0131klama yapt\u0131. A\u00e7\u0131klamada Mehmet H.&#8217;nin g\u00f6zalt\u0131na al\u0131nd\u0131\u011f\u0131 belirtilerek \u015f\u00f6yle denildi: &#8220;O\u011fuzeli il\u00e7emizde bir k\u00f6pe\u011fin \u00f6ld\u00fcr\u00fclerek at arabas\u0131 arkas\u0131nda s\u00fcr\u00fcklenmesi ve olay\u0131n video g\u00f6r\u00fcnt\u00fclerinin sosyal medyada yay\u0131nlanmas\u0131 \u00fczerine, olay\u0131 ger\u00e7ekle\u015ftiren ve video g\u00f6r\u00fcnt\u00fclerini yay\u0131nlayan \u015fah\u0131s, jandarma ekiplerimiz taraf\u0131ndan yakalanm\u0131\u015f, hakk\u0131nda adli s\u00fcre\u00e7 ve Hayvanlar\u0131 Koruma Kanunu kapsam\u0131nda uygulanacak yapt\u0131r\u0131mlar ile ilgili idari s\u00fcre\u00e7 ba\u015flat\u0131lm\u0131\u015ft\u0131r.&#8221;<\/p>\n","protected":false},"excerpt":{"rendered":"<p>Gaziantep&#8217;te bir ki\u015finin sosyal medya hesab\u0131 \u00fczerinden \u00f6ld\u00fcrd\u00fc\u011f\u00fc k\u00f6pe\u011fi at arabas\u0131 arkas\u0131na ba\u011flay\u0131p s\u00fcr\u00fckletti\u011fi g\u00f6r\u00fcnt\u00fcleri yay\u0131nlamas\u0131 \u00fczerine inceleme ba\u015flat\u0131ld\u0131. Jandarma ekiplerinin yapt\u0131\u011f\u0131 incelemede g\u00f6r\u00fcnt\u00fclerdeki ki\u015finin Mehmet H. oldu\u011fu belirlenerek g\u00f6zalt\u0131na al\u0131nd\u0131. &#8216;G\u00d6T\u00dcR\u00dcP \u0130L\u00c7E DI\u015eINA ATIN&#8217; Mehmet H.&#8217;nin sosyal medya hesab\u0131 \u00fczerinden payla\u015ft\u0131\u011f\u0131 g\u00f6r\u00fcnt\u00fcler b\u00fcy\u00fck tepki toparken, g\u00f6r\u00fcnt\u00fclerde \u00f6ld\u00fcrd\u00fc\u011f\u00fc k\u00f6pe\u011fi at arabas\u0131 arkas\u0131na ip ile ba\u011flay\u0131p [&hellip;]<\/p>\n","protected":false},"author":1,"featured_media":1915,"comment_status":"open","ping_status":"closed","sticky":false,"template":"","format":"standard","meta":{"footnotes":""},"categories":[17],"tags":[33],"class_list":["post-1913","post","type-post","status-publish","format-standard","has-post-thumbnail","hentry","category-yasam","tag-yasam"],"_links":{"self":[{"href":"https:\/\/avukatimtv.com\/index.php\/wp-json\/wp\/v2\/posts\/1913","targetHints":{"allow":["GET"]}}],"collection":[{"href":"https:\/\/avukatimtv.com\/index.php\/wp-json\/wp\/v2\/posts"}],"about":[{"href":"https:\/\/avukatimtv.com\/index.php\/wp-json\/wp\/v2\/types\/post"}],"author":[{"embeddable":true,"href":"https:\/\/avukatimtv.com\/index.php\/wp-json\/wp\/v2\/users\/1"}],"replies":[{"embeddable":true,"href":"https:\/\/avukatimtv.com\/index.php\/wp-json\/wp\/v2\/comments?post=1913"}],"version-history":[{"count":0,"href":"https:\/\/avukatimtv.com\/index.php\/wp-json\/wp\/v2\/posts\/1913\/revisions"}],"wp:featuredmedia":[{"embeddable":true,"href":"https:\/\/avukatimtv.com\/index.php\/wp-json\/wp\/v2\/media\/1915"}],"wp:attachment":[{"href":"https:\/\/avukatimtv.com\/index.php\/wp-json\/wp\/v2\/media?parent=1913"}],"wp:term":[{"taxonomy":"category","embeddable":true,"href":"https:\/\/avukatimtv.com\/index.php\/wp-json\/wp\/v2\/categories?post=1913"},{"taxonomy":"post_tag","embeddable":true,"href":"https:\/\/avukatimtv.com\/index.php\/wp-json\/wp\/v2\/tags?post=1913"}],"curies":[{"name":"wp","href":"https:\/\/api.w.org\/{rel}","templated":true}]}}