{"id":1916,"date":"2024-04-06T17:07:21","date_gmt":"2024-04-06T14:07:21","guid":{"rendered":"https:\/\/haberv8.thewpdemo.com\/sanatci-metin-isik-ve-oglunun-yargilandigi-davada-karar\/-1916.html"},"modified":"2024-04-06T17:07:21","modified_gmt":"2024-04-06T14:07:21","slug":"sanatci-metin-isik-ve-oglunun-yargilandigi-davada-karar","status":"publish","type":"post","link":"https:\/\/avukatimtv.com\/index.php\/2024\/04\/06\/sanatci-metin-isik-ve-oglunun-yargilandigi-davada-karar\/","title":{"rendered":"Sanat\u00e7\u0131 Metin I\u015f\u0131k ve o\u011flunun yarg\u0131land\u0131\u011f\u0131 davada karar"},"content":{"rendered":"<p><\/p>\n<p>Merkez Melikgazi \u0130l\u00e7esi Y\u0131ld\u0131r\u0131m Beyaz\u0131t Mahallesi Ta\u015fl\u0131 Sokak \u00fczerinde oturan sanat\u00e7\u0131 Metin I\u015f\u0131k ve kom\u015fular\u0131 aras\u0131nda ge\u00e7ti\u011fimiz y\u0131l eskiye dayanan husumet nedeniyle tart\u0131\u015fma \u00e7\u0131kt\u0131. Metin I\u015f\u0131k ve o\u011flu Mustafa I\u015f\u0131k pompal\u0131 t\u00fcfekle kom\u015fular\u0131n \u00fczerine kur\u015fun ya\u011fd\u0131rd\u0131.Kavgada Mustafa I\u015f\u0131k&#8217;\u0131n t\u00fcfe\u011finden \u00e7\u0131kan sa\u00e7malarla Y.M.S., N.D. ve S.N.M. a\u011f\u0131r yaralan\u0131rken, sa\u00e7malar baca\u011f\u0131na isabet eden Y.Y. ve F.D. de hafif yaraland\u0131.<\/p>\n<p><strong>BABA O\u011eULA CEZA YA\u011eDI<\/strong><\/p>\n<p>Kayseri 4 a\u011f\u0131r ceza mahkemesinde g\u00f6r\u00fclen silahl\u0131 sald\u0131r\u0131 davas\u0131n\u0131n karar duru\u015fmas\u0131nda tutuklu san\u0131k Mustafa I\u015f\u0131k ile tutuksuz san\u0131k Metin I\u015f\u0131k haz\u0131r bulundu. Duru\u015fmada son savunmas\u0131n\u0131 yapan Mustafa I\u015f\u0131k kimseyi \u00f6ld\u00fcrme kast\u0131n olmad\u0131\u011f\u0131n\u0131 ve korkutmak amac\u0131yla ate\u015f etti\u011fini belirterek beraat\u0131n\u0131 istedi. Baba Metin I\u015f\u0131k ise o\u011flunun tasarlayarak bir \u015fey yapmad\u0131\u011f\u0131n\u0131, namusunu ve \u0131rz\u0131n\u0131 korudu\u011funu belirterek beraat etmesini talep etti. San\u0131klar hakk\u0131nda karar\u0131n\u0131 a\u00e7\u0131klayan mahkemiyeti sanat\u00e7\u0131 Metin I\u015f\u0131k hakk\u0131nda 4 y\u0131l 22 g\u00fcn hapis cezas\u0131 o\u011flu Mustafa I\u015f\u0131k&#8217;\u0131 ise toplamda 42 y\u0131l hapis cezas\u0131na mahkum etti.<\/p>\n","protected":false},"excerpt":{"rendered":"<p>Merkez Melikgazi \u0130l\u00e7esi Y\u0131ld\u0131r\u0131m Beyaz\u0131t Mahallesi Ta\u015fl\u0131 Sokak \u00fczerinde oturan sanat\u00e7\u0131 Metin I\u015f\u0131k ve kom\u015fular\u0131 aras\u0131nda ge\u00e7ti\u011fimiz y\u0131l eskiye dayanan husumet nedeniyle tart\u0131\u015fma \u00e7\u0131kt\u0131. Metin I\u015f\u0131k ve o\u011flu Mustafa I\u015f\u0131k pompal\u0131 t\u00fcfekle kom\u015fular\u0131n \u00fczerine kur\u015fun ya\u011fd\u0131rd\u0131.Kavgada Mustafa I\u015f\u0131k&#8217;\u0131n t\u00fcfe\u011finden \u00e7\u0131kan sa\u00e7malarla Y.M.S., N.D. ve S.N.M. a\u011f\u0131r yaralan\u0131rken, sa\u00e7malar baca\u011f\u0131na isabet eden Y.Y. ve F.D. de [&hellip;]<\/p>\n","protected":false},"author":1,"featured_media":1918,"comment_status":"open","ping_status":"closed","sticky":false,"template":"","format":"standard","meta":{"footnotes":""},"categories":[17],"tags":[33],"class_list":["post-1916","post","type-post","status-publish","format-standard","has-post-thumbnail","hentry","category-yasam","tag-yasam"],"_links":{"self":[{"href":"https:\/\/avukatimtv.com\/index.php\/wp-json\/wp\/v2\/posts\/1916","targetHints":{"allow":["GET"]}}],"collection":[{"href":"https:\/\/avukatimtv.com\/index.php\/wp-json\/wp\/v2\/posts"}],"about":[{"href":"https:\/\/avukatimtv.com\/index.php\/wp-json\/wp\/v2\/types\/post"}],"author":[{"embeddable":true,"href":"https:\/\/avukatimtv.com\/index.php\/wp-json\/wp\/v2\/users\/1"}],"replies":[{"embeddable":true,"href":"https:\/\/avukatimtv.com\/index.php\/wp-json\/wp\/v2\/comments?post=1916"}],"version-history":[{"count":0,"href":"https:\/\/avukatimtv.com\/index.php\/wp-json\/wp\/v2\/posts\/1916\/revisions"}],"wp:featuredmedia":[{"embeddable":true,"href":"https:\/\/avukatimtv.com\/index.php\/wp-json\/wp\/v2\/media\/1918"}],"wp:attachment":[{"href":"https:\/\/avukatimtv.com\/index.php\/wp-json\/wp\/v2\/media?parent=1916"}],"wp:term":[{"taxonomy":"category","embeddable":true,"href":"https:\/\/avukatimtv.com\/index.php\/wp-json\/wp\/v2\/categories?post=1916"},{"taxonomy":"post_tag","embeddable":true,"href":"https:\/\/avukatimtv.com\/index.php\/wp-json\/wp\/v2\/tags?post=1916"}],"curies":[{"name":"wp","href":"https:\/\/api.w.org\/{rel}","templated":true}]}}