{"id":1928,"date":"2024-04-06T17:07:23","date_gmt":"2024-04-06T14:07:23","guid":{"rendered":"https:\/\/haberv8.thewpdemo.com\/fatma-sahin-mazbatasini-aldi-yasam-haberleri\/-1928.html"},"modified":"2024-04-06T17:07:23","modified_gmt":"2024-04-06T14:07:23","slug":"fatma-sahin-mazbatasini-aldi-yasam-haberleri","status":"publish","type":"post","link":"https:\/\/avukatimtv.com\/index.php\/2024\/04\/06\/fatma-sahin-mazbatasini-aldi-yasam-haberleri\/","title":{"rendered":"Fatma \u015eahin mazbatas\u0131n\u0131 ald\u0131 &#8211; Ya\u015fam Haberleri"},"content":{"rendered":"<p><\/p>\n<p>Gaziantep Adliyesi Mehmet Uygun Konferans Salonunda d\u00fczenlenen t\u00f6rende \u015eahin&#8217;in mazbatas\u0131 \u0130l Se\u00e7im Kurulu Ba\u015fkan\u0131 Atilla Kasapo\u011flu taraf\u0131ndan verildi.<\/p>\n<p>T\u00f6rende te\u015fekk\u00fcr konu\u015fmas\u0131 yapan \u015eahin, &#8220;Yol arkada\u015flar\u0131m ve gece g\u00fcnd\u00fcz demeden bizi takip eden gazetecilere emeklerinden dolay\u0131 te\u015fekk\u00fcr ediyorum. Cumhurba\u015fkan\u0131m\u0131z Recep Tayyip Erdo\u011fan&#8217;\u0131n bize olan g\u00fcvenine lay\u0131k olmaya \u00e7al\u0131\u015faca\u011f\u0131z. Se\u00e7im s\u00fcrecinde te\u015fkilat\u0131m\u0131z gece g\u00fcnd\u00fcz demeden b\u00fcy\u00fck bir gayretle \u00e7al\u0131\u015ft\u0131. \u015eehrime 3. d\u00f6nem de hizmet edecek olman\u0131n mutlulu\u011funu ya\u015f\u0131yorum. Makam\u0131n b\u00fcy\u00fck bir s\u0131nav oldu\u011funa, hem\u015ferilerimizin do\u011fumdan \u00f6l\u00fcme kadar yan\u0131nda olmam\u0131z gerekti\u011fine, onlar\u0131n dualar\u0131yla millete hizmet etmemiz gerekti\u011fine inanm\u0131\u015f olan bir tak\u0131m\u0131n par\u00e7as\u0131y\u0131z. Bu bilin\u00e7le de hizmet belediyecili\u011fine devam edece\u011fiz&#8221; dedi.<\/p>\n<p>T\u00f6rene AK Parti milletvekilleri Mehmet Eyup \u00d6zke\u00e7eci, \u0130rfan \u00c7elikaslan, Mesut Bozatl\u0131, \u0130l Ba\u015fkan Vekili Murat \u015eerbet\u00e7i, il y\u00f6neticileri ve te\u015fkilat mensuplar\u0131 da kat\u0131ld\u0131.<\/p>\n","protected":false},"excerpt":{"rendered":"<p>Gaziantep Adliyesi Mehmet Uygun Konferans Salonunda d\u00fczenlenen t\u00f6rende \u015eahin&#8217;in mazbatas\u0131 \u0130l Se\u00e7im Kurulu Ba\u015fkan\u0131 Atilla Kasapo\u011flu taraf\u0131ndan verildi. T\u00f6rende te\u015fekk\u00fcr konu\u015fmas\u0131 yapan \u015eahin, &#8220;Yol arkada\u015flar\u0131m ve gece g\u00fcnd\u00fcz demeden bizi takip eden gazetecilere emeklerinden dolay\u0131 te\u015fekk\u00fcr ediyorum. Cumhurba\u015fkan\u0131m\u0131z Recep Tayyip Erdo\u011fan&#8217;\u0131n bize olan g\u00fcvenine lay\u0131k olmaya \u00e7al\u0131\u015faca\u011f\u0131z. Se\u00e7im s\u00fcrecinde te\u015fkilat\u0131m\u0131z gece g\u00fcnd\u00fcz demeden b\u00fcy\u00fck bir [&hellip;]<\/p>\n","protected":false},"author":1,"featured_media":1930,"comment_status":"open","ping_status":"closed","sticky":false,"template":"","format":"standard","meta":{"footnotes":""},"categories":[17],"tags":[33],"class_list":["post-1928","post","type-post","status-publish","format-standard","has-post-thumbnail","hentry","category-yasam","tag-yasam"],"_links":{"self":[{"href":"https:\/\/avukatimtv.com\/index.php\/wp-json\/wp\/v2\/posts\/1928","targetHints":{"allow":["GET"]}}],"collection":[{"href":"https:\/\/avukatimtv.com\/index.php\/wp-json\/wp\/v2\/posts"}],"about":[{"href":"https:\/\/avukatimtv.com\/index.php\/wp-json\/wp\/v2\/types\/post"}],"author":[{"embeddable":true,"href":"https:\/\/avukatimtv.com\/index.php\/wp-json\/wp\/v2\/users\/1"}],"replies":[{"embeddable":true,"href":"https:\/\/avukatimtv.com\/index.php\/wp-json\/wp\/v2\/comments?post=1928"}],"version-history":[{"count":0,"href":"https:\/\/avukatimtv.com\/index.php\/wp-json\/wp\/v2\/posts\/1928\/revisions"}],"wp:featuredmedia":[{"embeddable":true,"href":"https:\/\/avukatimtv.com\/index.php\/wp-json\/wp\/v2\/media\/1930"}],"wp:attachment":[{"href":"https:\/\/avukatimtv.com\/index.php\/wp-json\/wp\/v2\/media?parent=1928"}],"wp:term":[{"taxonomy":"category","embeddable":true,"href":"https:\/\/avukatimtv.com\/index.php\/wp-json\/wp\/v2\/categories?post=1928"},{"taxonomy":"post_tag","embeddable":true,"href":"https:\/\/avukatimtv.com\/index.php\/wp-json\/wp\/v2\/tags?post=1928"}],"curies":[{"name":"wp","href":"https:\/\/api.w.org\/{rel}","templated":true}]}}