{"id":1931,"date":"2024-04-06T17:07:24","date_gmt":"2024-04-06T14:07:24","guid":{"rendered":"https:\/\/haberv8.thewpdemo.com\/besiktastaki-gece-kulubu-faciasinda-gozalti-sayisi-11-oldu\/-1931.html"},"modified":"2024-04-06T17:07:24","modified_gmt":"2024-04-06T14:07:24","slug":"besiktastaki-gece-kulubu-faciasinda-gozalti-sayisi-11-oldu","status":"publish","type":"post","link":"https:\/\/avukatimtv.com\/index.php\/2024\/04\/06\/besiktastaki-gece-kulubu-faciasinda-gozalti-sayisi-11-oldu\/","title":{"rendered":"Be\u015fikta\u015f&#8217;taki gece kul\u00fcb\u00fc facias\u0131nda g\u00f6zalt\u0131 say\u0131s\u0131 11 oldu"},"content":{"rendered":"<p><\/p>\n<p>Be\u015fikta\u015f&#8217;ta 29 ki\u015finin feci bir \u015fekilde hayat\u0131n\u0131 kaybetti\u011fi Masquerade Club ad\u0131l e\u011flence merkezindeki yang\u0131nla ilgili i\u015fyeri teknik servis sorumlusu \u0130brahim B. Sahne yap\u0131m\u0131 firma sahibi Dursun \u00c7. ve sahne yap\u0131m\u0131 teknik servis firma sahibi Sibel \u00c7. g\u00f6zalt\u0131na al\u0131nd\u0131<\/p>\n<p><strong>G\u00d6ZALTI SAYISI 11&#8217;E Y\u00dcKSELD\u0130<\/strong><\/p>\n<p>Daha \u00f6nce g\u00f6zalt\u0131na al\u0131nan 9 ki\u015fiden bir ki\u015fi savc\u0131l\u0131\u011f\u0131n talimat\u0131 \u00fczerine serbest b\u0131rak\u0131ld\u0131. Bu 3 ki\u015finin g\u00f6zalt\u0131na al\u0131nmas\u0131yla g\u00f6zalt\u0131 say\u0131s\u0131 11&#8217;e y\u00fckseldi.<\/p>\n<p>G\u00f6zalt\u0131na al\u0131nan 11 ki\u015fi yar\u0131n adliyeye sevk edilecek.<\/p>\n","protected":false},"excerpt":{"rendered":"<p>Be\u015fikta\u015f&#8217;ta 29 ki\u015finin feci bir \u015fekilde hayat\u0131n\u0131 kaybetti\u011fi Masquerade Club ad\u0131l e\u011flence merkezindeki yang\u0131nla ilgili i\u015fyeri teknik servis sorumlusu \u0130brahim B. Sahne yap\u0131m\u0131 firma sahibi Dursun \u00c7. ve sahne yap\u0131m\u0131 teknik servis firma sahibi Sibel \u00c7. g\u00f6zalt\u0131na al\u0131nd\u0131 G\u00d6ZALTI SAYISI 11&#8217;E Y\u00dcKSELD\u0130 Daha \u00f6nce g\u00f6zalt\u0131na al\u0131nan 9 ki\u015fiden bir ki\u015fi savc\u0131l\u0131\u011f\u0131n talimat\u0131 \u00fczerine serbest b\u0131rak\u0131ld\u0131. [&hellip;]<\/p>\n","protected":false},"author":1,"featured_media":1933,"comment_status":"open","ping_status":"closed","sticky":false,"template":"","format":"standard","meta":{"footnotes":""},"categories":[17],"tags":[33],"class_list":["post-1931","post","type-post","status-publish","format-standard","has-post-thumbnail","hentry","category-yasam","tag-yasam"],"_links":{"self":[{"href":"https:\/\/avukatimtv.com\/index.php\/wp-json\/wp\/v2\/posts\/1931","targetHints":{"allow":["GET"]}}],"collection":[{"href":"https:\/\/avukatimtv.com\/index.php\/wp-json\/wp\/v2\/posts"}],"about":[{"href":"https:\/\/avukatimtv.com\/index.php\/wp-json\/wp\/v2\/types\/post"}],"author":[{"embeddable":true,"href":"https:\/\/avukatimtv.com\/index.php\/wp-json\/wp\/v2\/users\/1"}],"replies":[{"embeddable":true,"href":"https:\/\/avukatimtv.com\/index.php\/wp-json\/wp\/v2\/comments?post=1931"}],"version-history":[{"count":0,"href":"https:\/\/avukatimtv.com\/index.php\/wp-json\/wp\/v2\/posts\/1931\/revisions"}],"wp:featuredmedia":[{"embeddable":true,"href":"https:\/\/avukatimtv.com\/index.php\/wp-json\/wp\/v2\/media\/1933"}],"wp:attachment":[{"href":"https:\/\/avukatimtv.com\/index.php\/wp-json\/wp\/v2\/media?parent=1931"}],"wp:term":[{"taxonomy":"category","embeddable":true,"href":"https:\/\/avukatimtv.com\/index.php\/wp-json\/wp\/v2\/categories?post=1931"},{"taxonomy":"post_tag","embeddable":true,"href":"https:\/\/avukatimtv.com\/index.php\/wp-json\/wp\/v2\/tags?post=1931"}],"curies":[{"name":"wp","href":"https:\/\/api.w.org\/{rel}","templated":true}]}}