{"id":2114,"date":"2024-04-09T18:28:16","date_gmt":"2024-04-09T15:28:16","guid":{"rendered":"https:\/\/haberv8.thewpdemo.com\/abd-israilin-gazzedeki-savas-suclarina-iliskin-sorusturma-baslatti-2114.html"},"modified":"2024-04-09T18:28:16","modified_gmt":"2024-04-09T15:28:16","slug":"abd-israilin-gazzedeki-savas-suclarina-iliskin-sorusturma-baslatti","status":"publish","type":"post","link":"https:\/\/avukatimtv.com\/index.php\/2024\/04\/09\/abd-israilin-gazzedeki-savas-suclarina-iliskin-sorusturma-baslatti\/","title":{"rendered":"ABD, \u0130srail&#8217;in Gazze&#8217;deki sava\u015f su\u00e7lar\u0131na ili\u015fkin soru\u015fturma ba\u015flatt\u0131"},"content":{"rendered":"<\/p>\n<p>\n                <span>\u0130HA <\/span>\n            <\/p>\n<p class=\"text\">\u0130srail\u2019in Gazze \u015eeridi\u2019ne y\u00f6nelik sald\u0131r\u0131lar\u0131 devam ederken, ABD D\u0131\u015fi\u015fleri Bakanl\u0131\u011f\u0131 S\u00f6zc\u00fcs\u00fc Matthew Miller&#8217;dan a\u00e7\u0131klama yap\u0131ld\u0131.<\/p>\n<p><strong>Soru\u015fturma ba\u015flat\u0131ld\u0131, ihlal sonucuna var\u0131lmad\u0131<\/strong><\/p>\n<p class=\"text\">Miller, ABD D\u0131\u015fi\u015fleri Bakanl\u0131\u011f\u0131&#8217;n\u0131n \u0130srail&#8217;in Gazze \u015eeridi\u2019nde i\u015fledi\u011fi sava\u015f su\u00e7lar\u0131yla ilgili \u00e7e\u015fitli soru\u015fturmalar ba\u015flatt\u0131\u011f\u0131n\u0131 ancak hen\u00fcz IDF&#8217;nin Hamas&#8217;a kar\u015f\u0131 y\u00fcr\u00fctt\u00fc\u011f\u00fc sava\u015fta uluslararas\u0131 insanc\u0131l hukuku ihlal etti\u011fine dair bir sonuca varmad\u0131\u011f\u0131n\u0131 s\u00f6yledi.<\/p>\n<p class=\"text\">Miller \u015fu ifadeleri kulland\u0131:<\/p>\n<p>&#8220;B\u00fcrolar\u0131m\u0131zda ger\u00e7ekleri inceleyen, bunlar\u0131n uluslararas\u0131 hukuka uygunlu\u011funa bakan ve de\u011ferlendirmeler yapan bir dizi farkl\u0131 uzman\u0131m\u0131z var. Bu de\u011ferlendirmeler devam ediyor. \u015eu anda hen\u00fcz \u0130srail&#8217;in uluslararas\u0131 insanc\u0131l hukuku ihlal etti\u011fi sonucuna varmad\u0131k, ancak bir dizi farkl\u0131 cephede devam eden de\u011ferlendirmelerimiz var&#8221;<\/p>\n<p><img decoding=\"async\" src=\"https:\/\/haberv8.thewpdemo.com\/wp-content\/uploads\/2024\/04\/abd-israilin-gazzedeki-savas-suclarina-iliskin-sorusturma-baslatti-0.jpg\" \/>        Haber Kayna\u011f\u0131: \u0130hlas Haber Ajans\u0131 (\u0130HA)<\/p>\n","protected":false},"excerpt":{"rendered":"<p>\u0130HA \u0130srail\u2019in Gazze \u015eeridi\u2019ne y\u00f6nelik sald\u0131r\u0131lar\u0131 devam ederken, ABD D\u0131\u015fi\u015fleri Bakanl\u0131\u011f\u0131 S\u00f6zc\u00fcs\u00fc Matthew Miller&#8217;dan a\u00e7\u0131klama yap\u0131ld\u0131. Soru\u015fturma ba\u015flat\u0131ld\u0131, ihlal sonucuna var\u0131lmad\u0131 Miller, ABD D\u0131\u015fi\u015fleri Bakanl\u0131\u011f\u0131&#8217;n\u0131n \u0130srail&#8217;in Gazze \u015eeridi\u2019nde i\u015fledi\u011fi sava\u015f su\u00e7lar\u0131yla ilgili \u00e7e\u015fitli soru\u015fturmalar ba\u015flatt\u0131\u011f\u0131n\u0131 ancak hen\u00fcz IDF&#8217;nin Hamas&#8217;a kar\u015f\u0131 y\u00fcr\u00fctt\u00fc\u011f\u00fc sava\u015fta uluslararas\u0131 insanc\u0131l hukuku ihlal etti\u011fine dair bir sonuca varmad\u0131\u011f\u0131n\u0131 s\u00f6yledi. Miller \u015fu ifadeleri [&hellip;]<\/p>\n","protected":false},"author":1,"featured_media":2116,"comment_status":"open","ping_status":"closed","sticky":false,"template":"","format":"standard","meta":{"footnotes":""},"categories":[3],"tags":[22],"class_list":["post-2114","post","type-post","status-publish","format-standard","has-post-thumbnail","hentry","category-dunya","tag-dunya"],"_links":{"self":[{"href":"https:\/\/avukatimtv.com\/index.php\/wp-json\/wp\/v2\/posts\/2114","targetHints":{"allow":["GET"]}}],"collection":[{"href":"https:\/\/avukatimtv.com\/index.php\/wp-json\/wp\/v2\/posts"}],"about":[{"href":"https:\/\/avukatimtv.com\/index.php\/wp-json\/wp\/v2\/types\/post"}],"author":[{"embeddable":true,"href":"https:\/\/avukatimtv.com\/index.php\/wp-json\/wp\/v2\/users\/1"}],"replies":[{"embeddable":true,"href":"https:\/\/avukatimtv.com\/index.php\/wp-json\/wp\/v2\/comments?post=2114"}],"version-history":[{"count":0,"href":"https:\/\/avukatimtv.com\/index.php\/wp-json\/wp\/v2\/posts\/2114\/revisions"}],"wp:featuredmedia":[{"embeddable":true,"href":"https:\/\/avukatimtv.com\/index.php\/wp-json\/"}],"wp:attachment":[{"href":"https:\/\/avukatimtv.com\/index.php\/wp-json\/wp\/v2\/media?parent=2114"}],"wp:term":[{"taxonomy":"category","embeddable":true,"href":"https:\/\/avukatimtv.com\/index.php\/wp-json\/wp\/v2\/categories?post=2114"},{"taxonomy":"post_tag","embeddable":true,"href":"https:\/\/avukatimtv.com\/index.php\/wp-json\/wp\/v2\/tags?post=2114"}],"curies":[{"name":"wp","href":"https:\/\/api.w.org\/{rel}","templated":true}]}}