{"id":2178,"date":"2024-12-23T17:05:46","date_gmt":"2024-12-23T14:05:46","guid":{"rendered":"https:\/\/avukatimtv.com\/?p=2178"},"modified":"2024-12-23T17:05:46","modified_gmt":"2024-12-23T14:05:46","slug":"belgrad-ormanina-safak-vakti-tahliye-operasyonu-ibbye-ait-tabelalar-sokuldu","status":"publish","type":"post","link":"https:\/\/avukatimtv.com\/index.php\/2024\/12\/23\/belgrad-ormanina-safak-vakti-tahliye-operasyonu-ibbye-ait-tabelalar-sokuldu\/","title":{"rendered":"Belgrad Orman\u0131&#8217;na \u015fafak vakti tahliye operasyonu: \u0130BB&#8217;ye ait tabelalar s\u00f6k\u00fcld\u00fc"},"content":{"rendered":"<h2 class=\"mt10 haber_ozet\">Tar\u0131m ve Orman Bakanl\u0131\u011f\u0131, 10 y\u0131l \u00f6nce y\u00f6netimi \u0130stanbul B\u00fcy\u00fck\u015fehir Belediyesi&#8217;ne devredilen Belgrad Ormanlar\u0131&#8217;n\u0131n s\u00f6zle\u015fme s\u00fcresinin doldu\u011fu ve uzat\u0131lmayaca\u011f\u0131 gerek\u00e7esiyle tahliye edilmesini istedi. \u0130BB y\u00fcr\u00fctmeyi durdurma talebiyle ba\u015fvuruda bulunurken mahkeme talebi reddetti. \u0130BB karara itiraz edemeden bu saat tahliye i\u00e7in ormana giden ekipler b\u00f6lgeye giri\u015fleri yasaklad\u0131 ve tabelalar\u0131 s\u00f6kt\u00fc.<\/h2>\n<p>Tar\u0131m ve Orman Bakanl\u0131\u011f\u0131, 10 y\u0131l \u00f6nce idaresi\u00a0\u0130stanbul B\u00fcy\u00fck\u015fehir Belediyesi&#8217;ne (\u0130BB) verilen\u00a0Belgrad\u00a0Ormanlar\u0131&#8217;n\u0131n s\u00f6zle\u015fmenin bitmesi ve uzat\u0131lmayaca\u011f\u0131 gerek\u00e7esiyle tahliyesini talep etti. \u0130BB, karara ili\u015fkin olarak y\u00fcr\u00fctmeyi durdurma talebiyle ba\u015fvuruda bulundu ancak mahkeme talebi reddetti. Mahkemenin ret ve tahliye karar\u0131, ge\u00e7en hafta cuma g\u00fcn\u00fc mesai bitimine bir saat kala \u0130BB&#8217;ye bildirildi. Bu sabah saat 6&#8217;da 200 \u00e7evik kuvvet polisi tahliye i\u00e7in b\u00f6lgeye gitti. B\u00f6lgeye giri\u015f yasaklan\u0131rken, \u0130BB&#8217;ye ait tabelalar s\u00f6k\u00fcld\u00fc.<\/p>\n<h3>2013 YILINDA S\u00d6ZLE\u015eME \u0130MZALANMI\u015eTI<\/h3>\n<p>Tar\u0131m ve Orman Bakanl\u0131\u011f\u0131 1. B\u00f6lge M\u00fcd\u00fcrl\u00fc\u011f\u00fc sorumluluk alan\u0131nda ve\u00a0Sar\u0131yer\u00a0s\u0131n\u0131rlar\u0131nda bulunan Bentler, Ne\u015fetsuyu, K\u00f6m\u00fcrc\u00fcbent ve Fatih \u00c7e\u015fmesi Tabiat Park\u0131&#8217;n\u0131 i\u015fletmek \u00fczere 14 Haziran 2013&#8217;te \u0130stanbul B\u00fcy\u00fck\u015fehir Belediyesi ile B\u00f6lge M\u00fcd\u00fcrl\u00fc\u011f\u00fc aras\u0131nda s\u00f6zle\u015fme yap\u0131ld\u0131. Ayr\u0131ca \u0130BB ile B\u00f6lge M\u00fcd\u00fcrl\u00fc\u011f\u00fc aras\u0131nda &#8220;Belgrad Orman\u0131\u00a0Bah\u00e7ek\u00f6y\u00a0ve Kurtkemeri Giri\u015f Kap\u0131lar\u0131 \u0130\u015fletmecilik&#8221; s\u00f6zle\u015fmesi imzaland\u0131. B\u00f6lge 20 Haziran 2013&#8217;te \u0130BB&#8217;ye teslim edildi.<\/p>\n<h3>S\u00d6ZLE\u015eME B\u0130T\u0130M\u0130NDE TAHL\u0130YE TALEB\u0130NDE BULUNULDU<\/h3>\n<p>5+5 y\u0131l olan s\u00f6zle\u015fme s\u00fcresinin bitiminin ard\u0131ndan Tar\u0131m ve Orman Bakanl\u0131\u011f\u0131, s\u00f6zle\u015fme s\u00fcresinin uzat\u0131lmayaca\u011f\u0131n\u0131 bildirerek tahliye talebinde bulundu. T24&#8217;te yer alan habere g\u00f6re \u0130BB karar hakk\u0131nda &#8220;y\u00fcr\u00fctmeyi durdurma&#8221; talebiyle \u0130stanbul 13. \u0130dare Mahkemesi&#8217;ne ba\u015fvurdu. Ancak, mahkeme \u0130BB&#8217;nin talebine ili\u015fkin olarak 12\u00a0Aral\u0131k&#8217;ta ret karar\u0131 verdi. Sar\u0131yer Kaymakaml\u0131\u011f\u0131, mahkemenin ret ve b\u00f6lgenin tahliye karar\u0131n\u0131 ge\u00e7en hafta cuma g\u00fcn\u00fc mesai saatinin bitimine bir saat kala \u0130BB&#8217;ye bildirdi.<\/p>\n<h3>KAYMAKAMLIK \u0130BB&#8217;YE YAZI YOLLADI<\/h3>\n<p>Sar\u0131yer Kaymakaml\u0131\u011f\u0131&#8217;n\u0131n \u0130BB&#8217;ye yollad\u0131\u011f\u0131 yaz\u0131da \u015fu ifadeler yer ald\u0131; &#8220;Tar\u0131m ve Orman Bakanl\u0131\u011f\u0131 1. B\u00f6lge M\u00fcd\u00fcrl\u00fc\u011f\u00fc sorumluluk alan\u0131 i\u00e7erisinde bulunan Bentler, Ne\u015fetsuyu, K\u00f6m\u00fcrc\u00fcbent Tabiat Park\u0131 ile Belgrad Orman\u0131 Bah\u00e7ek\u00f6y ve Kurtkemeri Giri\u015f Kap\u0131lar\u0131n\u0131 23\/12\/2024 Pazartesi g\u00fcn\u00fc saat 09.00&#8217;a kadar kullan\u0131r vaziyette bo\u015f olarak teslim etmeniz, aksi takdirde tahliye i\u015fleminin 2886 say\u0131l\u0131 Kanunun 75. Maddesinin belirtilen usule uygun olarak yap\u0131laca\u011f\u0131 ve her t\u00fcrl\u00fc sorumluluk ve masraf\u0131n taraf\u0131n\u0131za ait olaca\u011f\u0131 hususunda? bilgi ve gere\u011fini arz ederim.&#8221;<\/p>\n<h3>\u015eAFAK VAKT\u0130 TAHL\u0130YE OPERASYONU<\/h3>\n<p>\u0130BB, &#8220;y\u00fcr\u00fctmeyi durdurma talebinin reddi&#8221; karar\u0131na itiraz edemeden, bu sabah saat 6&#8217;da 200 \u00e7evik kuvvet polisi tahliye i\u00e7in b\u00f6lgeye gitti. B\u00f6lgeye giri\u015f yasaklan\u0131rken, \u0130BB&#8217;ye ait tabelalar s\u00f6k\u00fcld\u00fc.<\/p>\n<h3>CHP&#8217;DEN \u0130LK TEPK\u0130<\/h3>\n<p>Ya\u015fanan geli\u015fmeye CHP&#8217;den ilk tepki geldi. Genel Ba\u015fkan Yard\u0131mc\u0131s\u0131\u00a0Erhan Adem, \u0130BB y\u00f6netiminde bulunan Belgrad Orman\u0131&#8217;n\u0131n\u00a0Milli Parklar Genel M\u00fcd\u00fcrl\u00fc\u011f\u00fc&#8217;ne devredilece\u011fi iddialar\u0131na ili\u015fkin, &#8220;Belgrad Orman\u0131 bug\u00fcn, rant projelerinin ve betonla\u015fman\u0131n tehdidi alt\u0131ndad\u0131r. E\u011fer bu devir ger\u00e7ekle\u015firse, halk\u0131n do\u011fayla bulu\u015ftu\u011fu bu alan otel projeleri, yollar ve ticari tesislerle talan edilecek, \u0130stanbul bir nefes borusunu daha kaybedecektir. Belgrad Orman\u0131&#8217;na dokunmaya kalk\u0131\u015fanlar bilsin ki, kar\u015f\u0131lar\u0131nda sadece bizi de\u011fil, milyonlar\u0131n vicdan\u0131n\u0131 bulacakt\u0131r&#8221; dedi.<\/p>\n<p><strong>KAYNAK : SONDAK\u0130KA<\/strong><\/p>\n","protected":false},"excerpt":{"rendered":"<p>Tar\u0131m ve Orman Bakanl\u0131\u011f\u0131, 10 y\u0131l \u00f6nce y\u00f6netimi \u0130stanbul B\u00fcy\u00fck\u015fehir Belediyesi&#8217;ne devredilen Belgrad Ormanlar\u0131&#8217;n\u0131n s\u00f6zle\u015fme s\u00fcresinin doldu\u011fu ve uzat\u0131lmayaca\u011f\u0131 gerek\u00e7esiyle tahliye edilmesini istedi. \u0130BB y\u00fcr\u00fctmeyi durdurma talebiyle ba\u015fvuruda bulunurken mahkeme talebi reddetti. \u0130BB karara itiraz edemeden bu saat tahliye i\u00e7in ormana giden ekipler b\u00f6lgeye giri\u015fleri yasaklad\u0131 ve tabelalar\u0131 s\u00f6kt\u00fc. Tar\u0131m ve Orman Bakanl\u0131\u011f\u0131, 10 y\u0131l [&hellip;]<\/p>\n","protected":false},"author":1,"featured_media":2179,"comment_status":"closed","ping_status":"closed","sticky":false,"template":"","format":"standard","meta":{"footnotes":""},"categories":[7,39],"tags":[53,55,56,54],"class_list":["post-2178","post","type-post","status-publish","format-standard","has-post-thumbnail","hentry","category-gundem","category-haber","tag-belgrad","tag-buyuksehirbelediyesi","tag-ibb","tag-tarimveormanbakanligi"],"_links":{"self":[{"href":"https:\/\/avukatimtv.com\/index.php\/wp-json\/wp\/v2\/posts\/2178","targetHints":{"allow":["GET"]}}],"collection":[{"href":"https:\/\/avukatimtv.com\/index.php\/wp-json\/wp\/v2\/posts"}],"about":[{"href":"https:\/\/avukatimtv.com\/index.php\/wp-json\/wp\/v2\/types\/post"}],"author":[{"embeddable":true,"href":"https:\/\/avukatimtv.com\/index.php\/wp-json\/wp\/v2\/users\/1"}],"replies":[{"embeddable":true,"href":"https:\/\/avukatimtv.com\/index.php\/wp-json\/wp\/v2\/comments?post=2178"}],"version-history":[{"count":1,"href":"https:\/\/avukatimtv.com\/index.php\/wp-json\/wp\/v2\/posts\/2178\/revisions"}],"predecessor-version":[{"id":2180,"href":"https:\/\/avukatimtv.com\/index.php\/wp-json\/wp\/v2\/posts\/2178\/revisions\/2180"}],"wp:featuredmedia":[{"embeddable":true,"href":"https:\/\/avukatimtv.com\/index.php\/wp-json\/wp\/v2\/media\/2179"}],"wp:attachment":[{"href":"https:\/\/avukatimtv.com\/index.php\/wp-json\/wp\/v2\/media?parent=2178"}],"wp:term":[{"taxonomy":"category","embeddable":true,"href":"https:\/\/avukatimtv.com\/index.php\/wp-json\/wp\/v2\/categories?post=2178"},{"taxonomy":"post_tag","embeddable":true,"href":"https:\/\/avukatimtv.com\/index.php\/wp-json\/wp\/v2\/tags?post=2178"}],"curies":[{"name":"wp","href":"https:\/\/api.w.org\/{rel}","templated":true}]}}