{"id":2181,"date":"2024-12-23T17:43:38","date_gmt":"2024-12-23T14:43:38","guid":{"rendered":"https:\/\/avukatimtv.com\/?p=2181"},"modified":"2024-12-23T17:43:38","modified_gmt":"2024-12-23T14:43:38","slug":"alacak-verecek-meselesinde-kan-donduran-cinayet-ani-kamerada","status":"publish","type":"post","link":"https:\/\/avukatimtv.com\/index.php\/2024\/12\/23\/alacak-verecek-meselesinde-kan-donduran-cinayet-ani-kamerada\/","title":{"rendered":"Alacak verecek meselesinde kan donduran cinayet an\u0131 kamerada"},"content":{"rendered":"<h2 class=\"mt10 haber_ozet\">\u015eanl\u0131urfa&#8217;da bir akaryak\u0131t istasyonunda i\u015flenen ve 2 ki\u015finin tutukland\u0131\u011f\u0131 cinayet an\u0131 g\u00fcvenlik kameras\u0131na yans\u0131d\u0131.<\/h2>\n<p>\u015eanl\u0131urfa&#8217;da 19 A\u011fustos gecesi\u00a0Karak\u00f6pr\u00fc\u00a0il\u00e7esine ba\u011fl\u0131\u00a0Seyrantepe\u00a0Mahallesi&#8217;ndeki bir akaryak\u0131t istasyonunda meydana gelen olayda istasyonda alacak verecek meselesi nedeniyle iki grup aras\u0131nda \u00e7\u0131kan tart\u0131\u015fma saniyeler i\u00e7erisinde silahlar\u0131n da kullan\u0131ld\u0131\u011f\u0131 kavgaya d\u00f6n\u00fc\u015ft\u00fc.<\/p>\n<h3>KANLAR \u0130\u00c7\u0130NDE YERE YI\u011eILDI<\/h3>\n<p>Kavgada, \u0130brahim Halil Y\u0131ld\u0131r\u0131m&#8217;a (32) kim taraf\u0131ndan ate\u015flendi\u011fi bilinmeyen kur\u015fun isabet etti. Y\u0131ld\u0131r\u0131m kanlar i\u00e7inde yere y\u0131\u011f\u0131ld\u0131. \u0130hbar \u00fczerine b\u00f6lgeye \u00e7ok say\u0131da polis ve sa\u011fl\u0131k ekibi sevk edildi.<\/p>\n<h3>C\u0130NAYET ANI KAMERADA<\/h3>\n<p>Sa\u011fl\u0131k ekibinin yapt\u0131\u011f\u0131 kontrolde, Y\u0131ld\u0131r\u0131m&#8217;\u0131n hayat\u0131n\u0131 kaybetti\u011fi belirlendi. \u0130brahim Halil Y\u0131ld\u0131r\u0131m&#8217;\u0131n cenazesi, yap\u0131lan incelemenin ard\u0131ndan otopsi i\u00e7in \u015eanl\u0131urfa\u00a0Adli T\u0131p Kurumu\u00a0morguna kald\u0131r\u0131ld\u0131.\u00a0Polis, olayla ilgili 5 ki\u015fiyi g\u00f6zalt\u0131na ald\u0131.\u00a0Cinayet\u00a0an\u0131 ise g\u00fcvenlik kameras\u0131na yans\u0131d\u0131.<\/p>\n<h3>TUTUKLANAN 5 K\u0130\u015e\u0130DEN 3&#8217;\u00dc SERBEST<\/h3>\n<p>Olayla ilgili y\u00fcr\u00fct\u00fclen soru\u015fturmada tutuklu yarg\u0131lanan 5 ki\u015fi, mahkemeye sevk edildi. Mahkeme 3 ki\u015fiyi adli kontrol \u015fartlar\u0131 uygulayarak 3 ay sonra serbest b\u0131rakt\u0131. 2 ki\u015finin ise tutukluluk hallerinin devam\u0131na karar verildi. &#8211; \u015eANLIURFA<\/p>\n<p><strong>KAYNAK : \u0130HA\u00a0<\/strong><\/p>\n","protected":false},"excerpt":{"rendered":"<p>\u015eanl\u0131urfa&#8217;da bir akaryak\u0131t istasyonunda i\u015flenen ve 2 ki\u015finin tutukland\u0131\u011f\u0131 cinayet an\u0131 g\u00fcvenlik kameras\u0131na yans\u0131d\u0131. \u015eanl\u0131urfa&#8217;da 19 A\u011fustos gecesi\u00a0Karak\u00f6pr\u00fc\u00a0il\u00e7esine ba\u011fl\u0131\u00a0Seyrantepe\u00a0Mahallesi&#8217;ndeki bir akaryak\u0131t istasyonunda meydana gelen olayda istasyonda alacak verecek meselesi nedeniyle iki grup aras\u0131nda \u00e7\u0131kan tart\u0131\u015fma saniyeler i\u00e7erisinde silahlar\u0131n da kullan\u0131ld\u0131\u011f\u0131 kavgaya d\u00f6n\u00fc\u015ft\u00fc. KANLAR \u0130\u00c7\u0130NDE YERE YI\u011eILDI Kavgada, \u0130brahim Halil Y\u0131ld\u0131r\u0131m&#8217;a (32) kim taraf\u0131ndan ate\u015flendi\u011fi bilinmeyen [&hellip;]<\/p>\n","protected":false},"author":1,"featured_media":2182,"comment_status":"closed","ping_status":"closed","sticky":false,"template":"","format":"standard","meta":{"footnotes":""},"categories":[7,39],"tags":[61,60,58,49,57,59],"class_list":["post-2181","post","type-post","status-publish","format-standard","has-post-thumbnail","hentry","category-gundem","category-haber","tag-adlitipkurumu","tag-cinayet","tag-karakopru","tag-polis","tag-sanliurfa","tag-seyrantepe"],"_links":{"self":[{"href":"https:\/\/avukatimtv.com\/index.php\/wp-json\/wp\/v2\/posts\/2181","targetHints":{"allow":["GET"]}}],"collection":[{"href":"https:\/\/avukatimtv.com\/index.php\/wp-json\/wp\/v2\/posts"}],"about":[{"href":"https:\/\/avukatimtv.com\/index.php\/wp-json\/wp\/v2\/types\/post"}],"author":[{"embeddable":true,"href":"https:\/\/avukatimtv.com\/index.php\/wp-json\/wp\/v2\/users\/1"}],"replies":[{"embeddable":true,"href":"https:\/\/avukatimtv.com\/index.php\/wp-json\/wp\/v2\/comments?post=2181"}],"version-history":[{"count":1,"href":"https:\/\/avukatimtv.com\/index.php\/wp-json\/wp\/v2\/posts\/2181\/revisions"}],"predecessor-version":[{"id":2183,"href":"https:\/\/avukatimtv.com\/index.php\/wp-json\/wp\/v2\/posts\/2181\/revisions\/2183"}],"wp:featuredmedia":[{"embeddable":true,"href":"https:\/\/avukatimtv.com\/index.php\/wp-json\/wp\/v2\/media\/2182"}],"wp:attachment":[{"href":"https:\/\/avukatimtv.com\/index.php\/wp-json\/wp\/v2\/media?parent=2181"}],"wp:term":[{"taxonomy":"category","embeddable":true,"href":"https:\/\/avukatimtv.com\/index.php\/wp-json\/wp\/v2\/categories?post=2181"},{"taxonomy":"post_tag","embeddable":true,"href":"https:\/\/avukatimtv.com\/index.php\/wp-json\/wp\/v2\/tags?post=2181"}],"curies":[{"name":"wp","href":"https:\/\/api.w.org\/{rel}","templated":true}]}}