{"id":2184,"date":"2024-12-24T11:51:11","date_gmt":"2024-12-24T08:51:11","guid":{"rendered":"https:\/\/avukatimtv.com\/?p=2184"},"modified":"2024-12-24T11:51:11","modified_gmt":"2024-12-24T08:51:11","slug":"balikesirde-patlayici-uretilen-fabrikada-patlama-12-olu-5-yarali","status":"publish","type":"post","link":"https:\/\/avukatimtv.com\/index.php\/2024\/12\/24\/balikesirde-patlayici-uretilen-fabrikada-patlama-12-olu-5-yarali\/","title":{"rendered":"Bal\u0131kesir&#8217;de patlay\u0131c\u0131 \u00fcretilen fabrikada patlama: 12 \u00f6l\u00fc, 5 yaral\u0131"},"content":{"rendered":"<h2 class=\"mt10 haber_ozet\">Bal\u0131kesir&#8217;in Karesi il\u00e7esinde patlay\u0131c\u0131 \u00fcretilen fabrikan\u0131n kaps\u00fcl \u00fcretim b\u00f6l\u00fcm\u00fcnde meydana gelen patlamada 12 ki\u015fi hayat\u0131n\u0131 kaybederken, 5 ki\u015fi de yaraland\u0131. Sabotaj ihtimalinin olmad\u0131\u011f\u0131n\u0131 s\u00f6yleyen Bal\u0131kesir Valisi \u0130smail Ustao\u011flu, patlaman\u0131n teknik nedenlerden ya\u015fand\u0131\u011f\u0131n\u0131n de\u011ferlendirildi\u011fini s\u00f6yledi.<\/h2>\n<p>Bal\u0131kesir\u00a0g\u00fcne \u015fiddetli bir patlamayla uyand\u0131.\u00a0Karesi\u00a0il\u00e7esinde patlay\u0131c\u0131 \u00fcreten fabrikada ya\u015fanan patlama sonras\u0131 \u00e7ok say\u0131da ambulans ve itfaiye arac\u0131 b\u00f6lgeye y\u00f6nlendirildi.<\/p>\n<h3>12 \u00d6L\u00dc, 5 YARALI<\/h3>\n<p>Bal\u0131kesir Valisi\u00a0\u0130smail Ustao\u011flu, ZSR patlay\u0131c\u0131 \u00fcretim tesisinin kaps\u00fcl \u00fcretim b\u00f6l\u00fcm\u00fcnde meydana gelen patlamada 12 ki\u015finin \u00f6ld\u00fc\u011f\u00fcn\u00fc, 5 ki\u015finin yaraland\u0131\u011f\u0131n\u0131 duyurdu. Sabotaj ihtimalinin olmad\u0131\u011f\u0131n\u0131 s\u00f6yleyen Vali Ustao\u011flu, patlaman\u0131n teknik nedenlerden oldu\u011funun de\u011ferlendirildi\u011fini ve yaral\u0131lar\u0131n durumlar\u0131n\u0131n iyi oldu\u011funu s\u00f6yledi. Sadece kaps\u00fcl \u00fcretimi yapan binada \u00e7\u00f6kme oldu\u011funu belirten Ustao\u011flu, so\u011futma \u00e7al\u0131\u015fmalar\u0131n\u0131n devam etti\u011fini de s\u00f6zlerine ekledi<\/p>\n<h3>ERDO\u011eAN&#8217;DAN BA\u015eSA\u011eLI\u011eI MESAJI<\/h3>\n<p>Cumhurba\u015fkan\u0131 Recep Tayyip Erdo\u011fan, Bal\u0131kesir&#8217;de meydana gelen patlama ile ilgili sosyal medya hesab\u0131ndan ba\u015fsa\u011fl\u0131\u011f\u0131 dileklerini iletti. Erdo\u011fan payla\u015f\u0131m\u0131nda \u015fu ifadelere yer verdi: &#8220;Bal\u0131kesir&#8217;imizin Karesi il\u00e7esindeki bir m\u00fchimmat fabrikas\u0131nda meydana gelen patlama sonucu 12 karde\u015fimizin hayat\u0131n\u0131 kaybetmesinden b\u00fcy\u00fck bir \u00fcz\u00fcnt\u00fc duydum. Patlamaya ili\u015fkin Bal\u0131kesir Valimiz ba\u015fta olmak \u00fczere ilgili t\u00fcm kurumlar\u0131m\u0131zdan bilgi alarak t\u00fcm y\u00f6nleriyle gerekli tahkikat\u0131n derh\u00e2l ba\u015flat\u0131lmas\u0131 talimat\u0131n\u0131 verdik. Vefat eden karde\u015flerime Allah&#8217;tan rahmet, ailelerine ba\u015fsa\u011fl\u0131\u011f\u0131 niyaz ediyor, yaral\u0131lar\u0131m\u0131za acil \u015fifalar diliyorum. Bal\u0131kesir&#8217;imizin, milletimizin ba\u015f\u0131 sa\u011f olsun.&#8221;<\/p>\n<h3>BAKAN MEM\u0130\u015eO\u011eLU: YARALILARIN TEDAV\u0130LER\u0130N\u0130 YAKINDAN TAK\u0130P ED\u0130YORUZ<\/h3>\n<p>Sa\u011fl\u0131k Bakan\u0131 Prof. Dr. Kemal Memi\u015fo\u011flu, 12 ki\u015finin \u00f6ld\u00fc\u011f\u00fc 5 ki\u015finin yaraland\u0131\u011f\u0131 patlamayla ilgili sosyal medya hesab\u0131ndan payla\u015f\u0131mda bulundu. Memi\u015fo\u011flu payla\u015f\u0131m\u0131nda \u015fu ifaldeleri kulland\u0131: &#8220;Bal\u0131kesir&#8217;in Karesi il\u00e7esinde bir fabrikada patlama ya\u015fand\u0131\u011f\u0131n\u0131 \u00fcz\u00fclerek \u00f6\u011frendik. 12 vatanda\u015f\u0131m\u0131z hayat\u0131n\u0131 kaybetti. 5 yaral\u0131 vatanda\u015f\u0131m\u0131z hastanelerimizde tedavi alt\u0131na al\u0131nd\u0131. Hayat\u0131n\u0131 kaybeden vatanda\u015flar\u0131m\u0131za Y\u00fcce Allah&#8217;tan rahmet, yak\u0131nlar\u0131na ve sevenlerine ba\u015fsa\u011fl\u0131\u011f\u0131 diliyorum. Yaral\u0131lar\u0131m\u0131z\u0131n bir an \u00f6nce sa\u011fl\u0131\u011f\u0131na kavu\u015fmas\u0131 i\u00e7in tedavilerini yak\u0131ndan takip ediyoruz. Rabbim, \u00fclkemizi ve insan\u0131m\u0131z\u0131 her t\u00fcrl\u00fc kazadan, beladan ve afetten muhafaza eylesin.&#8221;<\/p>\n<h3>BAKAN TUN\u00c7: SORU\u015eTURMA BA\u015eLATILDI<\/h3>\n<p>Adalet Bakan\u0131\u00a0Y\u0131lmaz Tun\u00e7, patlama nedeniyle soru\u015fturma ba\u015flat\u0131ld\u0131\u011f\u0131n\u0131, 1 ba\u015fsavc\u0131vekili koordinesinde 4 Cumhuriyet savc\u0131s\u0131n\u0131n g\u00f6revlendirildi\u011fini duyurdu. Bakan Tun\u00e7 sosyal medya hesab\u0131ndan yapt\u0131\u011f\u0131 payla\u015f\u0131mda \u015fu ifadeleri kulland\u0131:<\/p>\n<p>&#8220;Bal\u0131kesir ilimizin Karesi il\u00e7esinde patlay\u0131c\u0131 \u00fcretilen fabrikan\u0131n kaps\u00fcl \u00fcretilen b\u00f6l\u00fcm\u00fcnde meydana gelen patlamayla ilgili Bal\u0131kesir\u00a0Cumhuriyet Ba\u015fsavc\u0131l\u0131\u011f\u0131\u00a0taraf\u0131ndan soru\u015fturma ba\u015flat\u0131lm\u0131\u015f olup 1 ba\u015fsavc\u0131vekili koordinesinde 4 Cumhuriyet savc\u0131s\u0131 g\u00f6revlendirilmi\u015ftir. Soru\u015fturma \u00e7ok y\u00f6nl\u00fc ve titizlikle s\u00fcrd\u00fcr\u00fclmektedir. Patlamada hayat\u0131n\u0131 kaybeden vatanda\u015flar\u0131m\u0131za Allah&#8217;tan rahmet, yaral\u0131 vatanda\u015flar\u0131m\u0131za acil \u015fifalar diliyorum.&#8221;<\/p>\n<div class=\"drimg\">\n<figure>\n<h3>BAKAN I\u015eIKHAN: M\u00dcFETT\u0130\u015eLER G\u00d6REVLEND\u0130R\u0130LD\u0130<\/h3>\n<p>\u00c7al\u0131\u015fma ve Sosyal G\u00fcvenlik Bakan\u0131\u00a0Vedat I\u015f\u0131khan, sosyal medya hesab\u0131ndan yapt\u0131\u011f\u0131 a\u00e7\u0131klamada patlamay\u0131 ara\u015ft\u0131rmak \u00fczere 2 ba\u015fm\u00fcfetti\u015f ile 1 m\u00fcfetti\u015fin g\u00f6revlendirildi\u011fini bildirdi.<\/p>\n<h3>BELED\u0130YE BA\u015eKANI AKIN: S\u00dcREC\u0130 YER\u0130NDEN TAK\u0130P ED\u0130YORUZ<\/h3>\n<p>Bal\u0131kesir B\u00fcy\u00fck\u015fehir Belediye Ba\u015fkan\u0131\u00a0Ahmet Ak\u0131n, s\u00fcreci yerinden takip ettiklerini bildirdi. Ak\u0131n sosyal medya hesab\u0131ndan olayla ilgili yapt\u0131\u011f\u0131 payla\u015f\u0131mda \u015fu ifadelere yer verdi: &#8220;Bal\u0131kesir\u00a0Kavakl\u0131\u00a0K\u00f6y\u00fc&#8217;nde bulunan ZSR M\u00fchimmat Fabrikas\u0131&#8217;nda meydana gelen patlamada hayat\u0131n\u0131 kaybeden vatanda\u015flar\u0131m\u0131za Allah&#8217;tan rahmet, yaral\u0131 vatanda\u015flar\u0131m\u0131za acil \u015fifalar diliyorum. \u0130lgili birimlerimizle beraber s\u00fcreci teyakkuz halinde yerinden takip ediyoruz.&#8221;<\/p>\n<p>&nbsp;<\/p>\n<p><strong>KAYNAK : SONDAK\u0130KA<\/strong><\/p>\n<p><img loading=\"lazy\" decoding=\"async\" title=\"Bal\u0131kesir'de patlay\u0131c\u0131 \u00fcretilen fabrikada patlama: 12 \u00f6l\u00fc, 3 yaral\u0131\" src=\"https:\/\/foto.sondakika.com\/haber\/2024\/12\/24\/balikesir-de-patlayici-uretilen-fabrikada-patlama-18188964_4551_m.jpg\" alt=\"Bal\u0131kesir'de patlay\u0131c\u0131 \u00fcretilen fabrikada patlama: 12 \u00f6l\u00fc, 3 yaral\u0131\" width=\"640\" height=\"360\" \/><\/figure>\n<\/div>\n","protected":false},"excerpt":{"rendered":"<p>Bal\u0131kesir&#8217;in Karesi il\u00e7esinde patlay\u0131c\u0131 \u00fcretilen fabrikan\u0131n kaps\u00fcl \u00fcretim b\u00f6l\u00fcm\u00fcnde meydana gelen patlamada 12 ki\u015fi hayat\u0131n\u0131 kaybederken, 5 ki\u015fi de yaraland\u0131. Sabotaj ihtimalinin olmad\u0131\u011f\u0131n\u0131 s\u00f6yleyen Bal\u0131kesir Valisi \u0130smail Ustao\u011flu, patlaman\u0131n teknik nedenlerden ya\u015fand\u0131\u011f\u0131n\u0131n de\u011ferlendirildi\u011fini s\u00f6yledi. Bal\u0131kesir\u00a0g\u00fcne \u015fiddetli bir patlamayla uyand\u0131.\u00a0Karesi\u00a0il\u00e7esinde patlay\u0131c\u0131 \u00fcreten fabrikada ya\u015fanan patlama sonras\u0131 \u00e7ok say\u0131da ambulans ve itfaiye arac\u0131 b\u00f6lgeye y\u00f6nlendirildi. 12 \u00d6L\u00dc, [&hellip;]<\/p>\n","protected":false},"author":1,"featured_media":2185,"comment_status":"closed","ping_status":"closed","sticky":false,"template":"","format":"standard","meta":{"footnotes":""},"categories":[7,39],"tags":[62,66,65,63,64,67],"class_list":["post-2184","post","type-post","status-publish","format-standard","has-post-thumbnail","hentry","category-gundem","category-haber","tag-balikesir","tag-cumhuriyetbassavciligi","tag-fabrika","tag-karesi","tag-patlama","tag-sorusturma"],"_links":{"self":[{"href":"https:\/\/avukatimtv.com\/index.php\/wp-json\/wp\/v2\/posts\/2184","targetHints":{"allow":["GET"]}}],"collection":[{"href":"https:\/\/avukatimtv.com\/index.php\/wp-json\/wp\/v2\/posts"}],"about":[{"href":"https:\/\/avukatimtv.com\/index.php\/wp-json\/wp\/v2\/types\/post"}],"author":[{"embeddable":true,"href":"https:\/\/avukatimtv.com\/index.php\/wp-json\/wp\/v2\/users\/1"}],"replies":[{"embeddable":true,"href":"https:\/\/avukatimtv.com\/index.php\/wp-json\/wp\/v2\/comments?post=2184"}],"version-history":[{"count":1,"href":"https:\/\/avukatimtv.com\/index.php\/wp-json\/wp\/v2\/posts\/2184\/revisions"}],"predecessor-version":[{"id":2186,"href":"https:\/\/avukatimtv.com\/index.php\/wp-json\/wp\/v2\/posts\/2184\/revisions\/2186"}],"wp:featuredmedia":[{"embeddable":true,"href":"https:\/\/avukatimtv.com\/index.php\/wp-json\/wp\/v2\/media\/2185"}],"wp:attachment":[{"href":"https:\/\/avukatimtv.com\/index.php\/wp-json\/wp\/v2\/media?parent=2184"}],"wp:term":[{"taxonomy":"category","embeddable":true,"href":"https:\/\/avukatimtv.com\/index.php\/wp-json\/wp\/v2\/categories?post=2184"},{"taxonomy":"post_tag","embeddable":true,"href":"https:\/\/avukatimtv.com\/index.php\/wp-json\/wp\/v2\/tags?post=2184"}],"curies":[{"name":"wp","href":"https:\/\/api.w.org\/{rel}","templated":true}]}}