{"id":2190,"date":"2024-12-25T19:14:29","date_gmt":"2024-12-25T16:14:29","guid":{"rendered":"https:\/\/avukatimtv.com\/?p=2190"},"modified":"2024-12-25T19:14:29","modified_gmt":"2024-12-25T16:14:29","slug":"esnafin-suphelendigi-otomobilin-icinden-ceset-cikti","status":"publish","type":"post","link":"https:\/\/avukatimtv.com\/index.php\/2024\/12\/25\/esnafin-suphelendigi-otomobilin-icinden-ceset-cikti\/","title":{"rendered":"Esnaf\u0131n \u015f\u00fcphelendi\u011fi otomobilin i\u00e7inden ceset \u00e7\u0131kt\u0131"},"content":{"rendered":"<h2 class=\"mt10 haber_ozet\">Zonguldak&#8217;ta bir esnaf durumundan \u015f\u00fcphelendi\u011fi otomobilin i\u00e7erisinde bir ki\u015finin hareketsiz yatt\u0131\u011f\u0131n\u0131 fark etti. \u0130hbarla olay yerine gelen sa\u011fl\u0131k ekipleri, ara\u00e7taki ki\u015finin hayat\u0131n\u0131 kaybetti\u011fini belirledi.Zonguldak&#8217;\u0131n\u00a0Ere\u011fli\u00a0il\u00e7esinde Sanayi Sitesi B\u00f6lgesinde \u015f\u00fcpheli \u00f6l\u00fcm olay\u0131 ya\u015fand\u0131. Bir esnaf durumundan \u015f\u00fcphelendi\u011fi otomobile bak\u0131nca g\u00f6rd\u00fckleri kar\u015f\u0131s\u0131nda \u015foke oldu.<\/h2>\n<h3>OTOMOB\u0130LDEN CESET \u00c7IKTI<\/h3>\n<p>Otomobilin i\u00e7erisinde birinin hareketsiz \u015fekilde yatt\u0131\u011f\u0131n\u0131 g\u00f6ren esnaf durumu hemen 112 Acil \u00c7a\u011fr\u0131 Merkezi&#8217;ne bildirdi. \u0130hbarla olay yerine sa\u011fl\u0131k ve polis ekipleri sevk edildi.\u00a0Sa\u011fl\u0131k\u00a0ekipleri yapt\u0131\u011f\u0131 kontrollerde ara\u00e7taki \u015fahs\u0131n hayat\u0131n\u0131 kaybetti\u011fini belirledi.<\/p>\n<h3>\u00d6L\u00dcM NEDEN\u0130 OTOPS\u0130DEN SONRA BELL\u0130 OLACAK<\/h3>\n<p>Polis\u00a0ekipleri yapt\u0131\u011f\u0131 incelemelerde \u00f6len ki\u015finin Mehmet G\u00fcre\u015f\u00e7i (45) oldu\u011funu tespit etti. Cumhuriyet Savc\u0131s\u0131n\u0131n incelemelerinin ard\u0131ndan G\u00fcre\u015f\u00e7i&#8217;nin cans\u0131z bedeni Ere\u011fli Devlet Hastanesi morguna kald\u0131r\u0131ld\u0131. Olayla ilgili soru\u015fturma ba\u015flat\u0131l\u0131rken G\u00fcre\u015f\u00e7i&#8217;nin kesin \u00f6l\u00fcm nedeni yap\u0131lacak otopsiden sonra belirlenecek.<\/p>\n<p><strong>KAYNAK : \u0130HA<\/strong><\/p>\n","protected":false},"excerpt":{"rendered":"<p>Zonguldak&#8217;ta bir esnaf durumundan \u015f\u00fcphelendi\u011fi otomobilin i\u00e7erisinde bir ki\u015finin hareketsiz yatt\u0131\u011f\u0131n\u0131 fark etti. \u0130hbarla olay yerine gelen sa\u011fl\u0131k ekipleri, ara\u00e7taki ki\u015finin hayat\u0131n\u0131 kaybetti\u011fini belirledi.Zonguldak&#8217;\u0131n\u00a0Ere\u011fli\u00a0il\u00e7esinde Sanayi Sitesi B\u00f6lgesinde \u015f\u00fcpheli \u00f6l\u00fcm olay\u0131 ya\u015fand\u0131. Bir esnaf durumundan \u015f\u00fcphelendi\u011fi otomobile bak\u0131nca g\u00f6rd\u00fckleri kar\u015f\u0131s\u0131nda \u015foke oldu. OTOMOB\u0130LDEN CESET \u00c7IKTI Otomobilin i\u00e7erisinde birinin hareketsiz \u015fekilde yatt\u0131\u011f\u0131n\u0131 g\u00f6ren esnaf durumu hemen 112 [&hellip;]<\/p>\n","protected":false},"author":1,"featured_media":2191,"comment_status":"closed","ping_status":"closed","sticky":false,"template":"","format":"standard","meta":{"footnotes":""},"categories":[7,39],"tags":[75,74,73,28],"class_list":["post-2190","post","type-post","status-publish","format-standard","has-post-thumbnail","hentry","category-gundem","category-haber","tag-eregli","tag-olu","tag-zonguldak","tag-saglik"],"_links":{"self":[{"href":"https:\/\/avukatimtv.com\/index.php\/wp-json\/wp\/v2\/posts\/2190","targetHints":{"allow":["GET"]}}],"collection":[{"href":"https:\/\/avukatimtv.com\/index.php\/wp-json\/wp\/v2\/posts"}],"about":[{"href":"https:\/\/avukatimtv.com\/index.php\/wp-json\/wp\/v2\/types\/post"}],"author":[{"embeddable":true,"href":"https:\/\/avukatimtv.com\/index.php\/wp-json\/wp\/v2\/users\/1"}],"replies":[{"embeddable":true,"href":"https:\/\/avukatimtv.com\/index.php\/wp-json\/wp\/v2\/comments?post=2190"}],"version-history":[{"count":1,"href":"https:\/\/avukatimtv.com\/index.php\/wp-json\/wp\/v2\/posts\/2190\/revisions"}],"predecessor-version":[{"id":2192,"href":"https:\/\/avukatimtv.com\/index.php\/wp-json\/wp\/v2\/posts\/2190\/revisions\/2192"}],"wp:featuredmedia":[{"embeddable":true,"href":"https:\/\/avukatimtv.com\/index.php\/wp-json\/wp\/v2\/media\/2191"}],"wp:attachment":[{"href":"https:\/\/avukatimtv.com\/index.php\/wp-json\/wp\/v2\/media?parent=2190"}],"wp:term":[{"taxonomy":"category","embeddable":true,"href":"https:\/\/avukatimtv.com\/index.php\/wp-json\/wp\/v2\/categories?post=2190"},{"taxonomy":"post_tag","embeddable":true,"href":"https:\/\/avukatimtv.com\/index.php\/wp-json\/wp\/v2\/tags?post=2190"}],"curies":[{"name":"wp","href":"https:\/\/api.w.org\/{rel}","templated":true}]}}