{"id":2193,"date":"2024-12-26T12:26:53","date_gmt":"2024-12-26T09:26:53","guid":{"rendered":"https:\/\/avukatimtv.com\/?p=2193"},"modified":"2024-12-26T12:26:53","modified_gmt":"2024-12-26T09:26:53","slug":"teroristleri-tedavi-eden-3-doktor-istanbulda-yakalandi","status":"publish","type":"post","link":"https:\/\/avukatimtv.com\/index.php\/2024\/12\/26\/teroristleri-tedavi-eden-3-doktor-istanbulda-yakalandi\/","title":{"rendered":"Ter\u00f6ristleri tedavi eden 3 doktor \u0130stanbul\u2019da yakaland\u0131"},"content":{"rendered":"<h2 id=\"content\" class=\"content font-normal text-gray-700 text-xl lg:text-2xl leading-6 mb-8 mt-8 block \">Bitlis merkezli d\u00fczenlenen operasyonda, ter\u00f6r \u00f6rg\u00fct\u00fc PKK\/KCK mensuplar\u0131n\u0131 tedavi ettikleri ve yurt d\u0131\u015f\u0131nda ter\u00f6r \u00f6rg\u00fct\u00fcyle anla\u015fmal\u0131 hastanelerde \u00e7al\u0131\u015ft\u0131klar\u0131 tespit edilen 3 doktor \u0130stanbul\u2019da yakaland\u0131.<\/h2>\n<div id=\"content\" class=\"content news-detail__content font-normal text-gray-45 text-base font-setting\">\n<p>Bitlis Valili\u011finden yap\u0131lan a\u00e7\u0131klamada, \u201cBitlis Cumhuriyet Ba\u015fsavc\u0131l\u0131\u011f\u0131 koordinesinde Bitlis Emniyet M\u00fcd\u00fcrl\u00fc\u011f\u00fc \u0130stihbarat \u015eube M\u00fcd\u00fcrl\u00fc\u011f\u00fc ile Ter\u00f6rle M\u00fccadele \u015eube M\u00fcd\u00fcrl\u00fc\u011f\u00fcm\u00fczce PKK\/KCK silahl\u0131 ter\u00f6r \u00f6rg\u00fct\u00fcn\u00fcn eylem ve faaliyetlerinin de\u015fifre edilmesi kapsam\u0131nda, PKK\/KCK silahl\u0131 ter\u00f6r \u00f6rg\u00fct\u00fc \u00fcyelerini tedavi ettikleri, yurt d\u0131\u015f\u0131nda ter\u00f6r \u00f6rg\u00fct\u00fc ile anla\u015fmal\u0131 hastanelerde doktorluk yapt\u0131\u011f\u0131 tespit edilen 3 hedef \u015fahsa y\u00f6nelik ilimiz merkezli \u0130stanbul\u2019da yap\u0131lan operasyonda 3 \u015f\u00fcpheli doktor yakalanarak g\u00f6zalt\u0131na al\u0131nm\u0131\u015ft\u0131r. Bahse konu \u015f\u00fcpheli \u015fah\u0131slar\u0131n ikametlerinde yap\u0131lan aramalar neticesinde \u00e7ok say\u0131da dijital materyal ele ge\u00e7irilmi\u015ftir. Hem\u015fehrilerimizin huzuru ve g\u00fcvenli\u011fi i\u00e7in ter\u00f6rle m\u00fccadele kapsam\u0131nda operasyonlar\u0131m\u0131z kararl\u0131l\u0131kla devam etmektedir&#8221; denildi.<img loading=\"lazy\" decoding=\"async\" class=\"alignnone  wp-image-2194\" src=\"https:\/\/avukatimtv.com\/wp-content\/uploads\/2024\/12\/headline-300x150.jpg\" alt=\"\" width=\"398\" height=\"199\" srcset=\"https:\/\/avukatimtv.com\/wp-content\/uploads\/2024\/12\/headline-300x150.jpg 300w, https:\/\/avukatimtv.com\/wp-content\/uploads\/2024\/12\/headline.jpg 660w\" sizes=\"auto, (max-width: 398px) 100vw, 398px\" \/><\/p>\n<\/div>\n<p><strong>KAYNAK : \u0130HA<\/strong><\/p>\n","protected":false},"excerpt":{"rendered":"<p>Bitlis merkezli d\u00fczenlenen operasyonda, ter\u00f6r \u00f6rg\u00fct\u00fc PKK\/KCK mensuplar\u0131n\u0131 tedavi ettikleri ve yurt d\u0131\u015f\u0131nda ter\u00f6r \u00f6rg\u00fct\u00fcyle anla\u015fmal\u0131 hastanelerde \u00e7al\u0131\u015ft\u0131klar\u0131 tespit edilen 3 doktor \u0130stanbul\u2019da yakaland\u0131. Bitlis Valili\u011finden yap\u0131lan a\u00e7\u0131klamada, \u201cBitlis Cumhuriyet Ba\u015fsavc\u0131l\u0131\u011f\u0131 koordinesinde Bitlis Emniyet M\u00fcd\u00fcrl\u00fc\u011f\u00fc \u0130stihbarat \u015eube M\u00fcd\u00fcrl\u00fc\u011f\u00fc ile Ter\u00f6rle M\u00fccadele \u015eube M\u00fcd\u00fcrl\u00fc\u011f\u00fcm\u00fczce PKK\/KCK silahl\u0131 ter\u00f6r \u00f6rg\u00fct\u00fcn\u00fcn eylem ve faaliyetlerinin de\u015fifre edilmesi kapsam\u0131nda, PKK\/KCK silahl\u0131 [&hellip;]<\/p>\n","protected":false},"author":1,"featured_media":2194,"comment_status":"closed","ping_status":"closed","sticky":false,"template":"","format":"standard","meta":{"footnotes":""},"categories":[7,38],"tags":[77,76,69,79,78],"class_list":["post-2193","post","type-post","status-publish","format-standard","has-post-thumbnail","hentry","category-gundem","category-hukuk","tag-bitlis","tag-doktor","tag-istanbul","tag-operasyon","tag-teror"],"_links":{"self":[{"href":"https:\/\/avukatimtv.com\/index.php\/wp-json\/wp\/v2\/posts\/2193","targetHints":{"allow":["GET"]}}],"collection":[{"href":"https:\/\/avukatimtv.com\/index.php\/wp-json\/wp\/v2\/posts"}],"about":[{"href":"https:\/\/avukatimtv.com\/index.php\/wp-json\/wp\/v2\/types\/post"}],"author":[{"embeddable":true,"href":"https:\/\/avukatimtv.com\/index.php\/wp-json\/wp\/v2\/users\/1"}],"replies":[{"embeddable":true,"href":"https:\/\/avukatimtv.com\/index.php\/wp-json\/wp\/v2\/comments?post=2193"}],"version-history":[{"count":1,"href":"https:\/\/avukatimtv.com\/index.php\/wp-json\/wp\/v2\/posts\/2193\/revisions"}],"predecessor-version":[{"id":2195,"href":"https:\/\/avukatimtv.com\/index.php\/wp-json\/wp\/v2\/posts\/2193\/revisions\/2195"}],"wp:featuredmedia":[{"embeddable":true,"href":"https:\/\/avukatimtv.com\/index.php\/wp-json\/wp\/v2\/media\/2194"}],"wp:attachment":[{"href":"https:\/\/avukatimtv.com\/index.php\/wp-json\/wp\/v2\/media?parent=2193"}],"wp:term":[{"taxonomy":"category","embeddable":true,"href":"https:\/\/avukatimtv.com\/index.php\/wp-json\/wp\/v2\/categories?post=2193"},{"taxonomy":"post_tag","embeddable":true,"href":"https:\/\/avukatimtv.com\/index.php\/wp-json\/wp\/v2\/tags?post=2193"}],"curies":[{"name":"wp","href":"https:\/\/api.w.org\/{rel}","templated":true}]}}