{"id":2196,"date":"2024-12-27T10:18:02","date_gmt":"2024-12-27T07:18:02","guid":{"rendered":"https:\/\/avukatimtv.com\/?p=2196"},"modified":"2024-12-27T10:18:02","modified_gmt":"2024-12-27T07:18:02","slug":"arkadasini-bicaklayarak-oldurdukten-sonra-suc-aletiyle-teslim-oldu","status":"publish","type":"post","link":"https:\/\/avukatimtv.com\/index.php\/2024\/12\/27\/arkadasini-bicaklayarak-oldurdukten-sonra-suc-aletiyle-teslim-oldu\/","title":{"rendered":"Arkada\u015f\u0131n\u0131 b\u0131\u00e7aklayarak \u00f6ld\u00fcrd\u00fckten sonra su\u00e7 aletiyle teslim oldu"},"content":{"rendered":"<h2 class=\"mt10 haber_ozet\">Bursa&#8217;da arac\u0131n i\u00e7inde tart\u0131\u015fan iki gencin kavgas\u0131nda kan akt\u0131. Arkada\u015f\u0131n\u0131 b\u0131\u00e7akla \u00f6ld\u00fcren \u015f\u00fcpheli daha sonra olay yerine gelen polis ekiplerine su\u00e7 aletiyle beraber teslim oldu. Haberi alan aile yak\u0131nlar\u0131, olay yerinde sinir krizi ge\u00e7irdi.<\/h2>\n<p>Bursa&#8217;n\u0131n\u00a0Osmangazi\u00a0il\u00e7esinde 21 ya\u015f\u0131ndaki Yusuf Zorlo, hafif ticari arac\u0131n i\u00e7erisinde tart\u0131\u015ft\u0131\u011f\u0131 A.S. taraf\u0131ndan b\u0131\u00e7akla \u00f6ld\u00fcr\u00fcld\u00fc.<\/p>\n<h3>TARTI\u015eMA KISA S\u00dcREDE KAVGAYA D\u00d6ND\u00dc<\/h3>\n<p>Olay, 22.30 s\u0131ralar\u0131nda merkez Osmangazi il\u00e7esi Ge\u00e7it Mahallesi 331. Sokak \u00fczerinde meydana geldi. Edinilen bilgiye g\u00f6re, A.S. ile Yusuf Zorlo (21), sokak \u00fczerinde 16 NIM 49 plakal\u0131 otomobilin i\u00e7inde tart\u0131\u015fmaya ba\u015flad\u0131. Tart\u0131\u015fma k\u0131sa s\u00fcrede b\u00fcy\u00fcyerek kavgaya d\u00f6nd\u00fc. A.S., yan\u0131nda getirdi\u011fi b\u0131\u00e7akla Yusuf Zorlo&#8217;yu a\u011f\u0131r yaralad\u0131.<\/p>\n<div id=\"inpage_desktop\">\n<div>\n<div data-type=\"_mgwidget\" data-widget-id=\"1715779\"><\/div>\n<\/div>\n<\/div>\n<h3>SU\u00c7 ALET\u0130YLE B\u0130RL\u0130KTE TESL\u0130M OLDU<\/h3>\n<p>Sesleri duyan vatanda\u015flar\u0131n ihbar\u0131 \u00fczerine olay yerine \u00e7ok say\u0131da polis ve sa\u011fl\u0131k ekibi sevk edildi. A.S., gelen ekiplere b\u0131\u00e7akla beraber gelen ekiplere teslim oldu. Olay yerine gelen sa\u011fl\u0131k ekipleri, a\u011f\u0131r yaralanan Yusuf Zorlo&#8217;nun hayat\u0131n\u0131 kaybetti\u011fini belirledi. A.S. ifadesi al\u0131nmak \u00fczere emniyete g\u00f6t\u00fcr\u00fcl\u00fcrken, Yusuf Zorlo&#8217;nun cans\u0131z bedeni savc\u0131l\u0131k incelemesinin ard\u0131ndan\u00a0Bursa Adli T\u0131p Kurumu Morgu&#8217;na kald\u0131r\u0131ld\u0131. \u00d6te yandan, Zorlo&#8217;nun olay yerine gelen yak\u0131nlar\u0131 sinir krizi ge\u00e7irdi<\/p>\n<p><strong>KAYNAK : \u0130HA\u00a0<\/strong><\/p>\n<p>&nbsp;<\/p>\n","protected":false},"excerpt":{"rendered":"<p>Bursa&#8217;da arac\u0131n i\u00e7inde tart\u0131\u015fan iki gencin kavgas\u0131nda kan akt\u0131. Arkada\u015f\u0131n\u0131 b\u0131\u00e7akla \u00f6ld\u00fcren \u015f\u00fcpheli daha sonra olay yerine gelen polis ekiplerine su\u00e7 aletiyle beraber teslim oldu. Haberi alan aile yak\u0131nlar\u0131, olay yerinde sinir krizi ge\u00e7irdi. Bursa&#8217;n\u0131n\u00a0Osmangazi\u00a0il\u00e7esinde 21 ya\u015f\u0131ndaki Yusuf Zorlo, hafif ticari arac\u0131n i\u00e7erisinde tart\u0131\u015ft\u0131\u011f\u0131 A.S. taraf\u0131ndan b\u0131\u00e7akla \u00f6ld\u00fcr\u00fcld\u00fc. TARTI\u015eMA KISA S\u00dcREDE KAVGAYA D\u00d6ND\u00dc Olay, 22.30 [&hellip;]<\/p>\n","protected":false},"author":1,"featured_media":2197,"comment_status":"closed","ping_status":"closed","sticky":false,"template":"","format":"standard","meta":{"footnotes":""},"categories":[7,39,38],"tags":[61,84,82,80,85,83,81],"class_list":["post-2196","post","type-post","status-publish","format-standard","has-post-thumbnail","hentry","category-gundem","category-haber","category-hukuk","tag-adlitipkurumu","tag-arkadas","tag-bicak","tag-bursa","tag-habert","tag-kavga","tag-osmangazi"],"_links":{"self":[{"href":"https:\/\/avukatimtv.com\/index.php\/wp-json\/wp\/v2\/posts\/2196","targetHints":{"allow":["GET"]}}],"collection":[{"href":"https:\/\/avukatimtv.com\/index.php\/wp-json\/wp\/v2\/posts"}],"about":[{"href":"https:\/\/avukatimtv.com\/index.php\/wp-json\/wp\/v2\/types\/post"}],"author":[{"embeddable":true,"href":"https:\/\/avukatimtv.com\/index.php\/wp-json\/wp\/v2\/users\/1"}],"replies":[{"embeddable":true,"href":"https:\/\/avukatimtv.com\/index.php\/wp-json\/wp\/v2\/comments?post=2196"}],"version-history":[{"count":1,"href":"https:\/\/avukatimtv.com\/index.php\/wp-json\/wp\/v2\/posts\/2196\/revisions"}],"predecessor-version":[{"id":2198,"href":"https:\/\/avukatimtv.com\/index.php\/wp-json\/wp\/v2\/posts\/2196\/revisions\/2198"}],"wp:featuredmedia":[{"embeddable":true,"href":"https:\/\/avukatimtv.com\/index.php\/wp-json\/wp\/v2\/media\/2197"}],"wp:attachment":[{"href":"https:\/\/avukatimtv.com\/index.php\/wp-json\/wp\/v2\/media?parent=2196"}],"wp:term":[{"taxonomy":"category","embeddable":true,"href":"https:\/\/avukatimtv.com\/index.php\/wp-json\/wp\/v2\/categories?post=2196"},{"taxonomy":"post_tag","embeddable":true,"href":"https:\/\/avukatimtv.com\/index.php\/wp-json\/wp\/v2\/tags?post=2196"}],"curies":[{"name":"wp","href":"https:\/\/api.w.org\/{rel}","templated":true}]}}