{"id":2205,"date":"2024-12-27T12:06:41","date_gmt":"2024-12-27T09:06:41","guid":{"rendered":"https:\/\/avukatimtv.com\/?p=2205"},"modified":"2024-12-27T12:06:41","modified_gmt":"2024-12-27T09:06:41","slug":"avcilarda-canini-hice-sayan-hirsiz-catidan-eve-girdi","status":"publish","type":"post","link":"https:\/\/avukatimtv.com\/index.php\/2024\/12\/27\/avcilarda-canini-hice-sayan-hirsiz-catidan-eve-girdi\/","title":{"rendered":"Avc\u0131lar\u2019da can\u0131n\u0131 hi\u00e7e sayan h\u0131rs\u0131z \u00e7at\u0131dan eve girdi"},"content":{"rendered":"<h2 id=\"content\" class=\"content font-normal text-gray-700 text-xl lg:text-2xl leading-6 mb-8 mt-8 block \">\u0130stanbul Avc\u0131lar\u2019da yan binadaki eve \u00e7at\u0131dan giren yabanc\u0131 uyruklu h\u0131rs\u0131z \u00f6nce kameraya ard\u0131ndan ev sahibine yakaland\u0131. Geldi\u011fi yan binaya ka\u00e7arak saklanan \u015f\u00fcpheli, polis ekiplerince k\u0131sk\u0131vrak yakaland\u0131.<\/h2>\n<div id=\"content\" class=\"content news-detail__content font-normal text-gray-45 text-base font-setting\">\n<p>Olay, d\u00fcn saat 15.00 s\u0131ralar\u0131nda Avc\u0131lar Merkez Mahallesi\u2019nde ya\u015fand\u0131. 5 katl\u0131 bir binan\u0131n son kat\u0131na yan binan\u0131n \u00e7at\u0131s\u0131ndan giren yabanc\u0131 uyruklu h\u0131rs\u0131z, sesleri duyan ev sahibine yakaland\u0131. Ev sahibiyle y\u00fcz y\u00fcze kalan \u015f\u00fcpheli geldi\u011fi yan binaya ka\u00e7t\u0131. \u0130hbarla adrese gelen polis ekipleri \u015f\u00fcpheliyi sakland\u0131\u011f\u0131 binada k\u0131sk\u0131vrak yakalad\u0131. \u015eah\u0131s\u0131n emniyetteki i\u015flemlerinin ard\u0131ndan adliyeye sevk edilece\u011fi \u00f6\u011frenildi. Olay\u0131 anlatan ev sahibi Song\u00fcl G\u00fcler, \u201dK\u0131z\u0131m kar\u015f\u0131 apartmanda oturuyor. Oradan k\u0131z\u0131m g\u00f6rm\u00fc\u015f, bana haber verdi. \u2019Anne \u00e7at\u0131da biri var geziyor\u2019 dedi. O anda damad\u0131m kap\u0131y\u0131 a\u00e7\u0131yor. Adamla y\u00fcz y\u00fcze geliyorlar.<\/p>\n<p>H\u0131rs\u0131z buradan yan binaya ka\u00e7t\u0131. Ge\u00e7en sene k\u0131z\u0131m\u0131n diz \u00fcst\u00fc bilgisayar\u0131, kulakl\u0131\u011f\u0131, cep telefonu, parf\u00fcmleri ve ayakkab\u0131lar\u0131 \u00e7al\u0131nd\u0131. Ayn\u0131 ki\u015fi mi bilemiyorum ama o binadan geliyor. Ben polislere bu binadan giriyorlar dedim. Polisler de arada bir topluyoruz bunlar\u0131 dediler ama ben \u015fu anda ev sahibine sesleniyorum. Herkese b\u00f6yle ev vermesinler. Ev veriyorlarsa adam gibi birine versinler\u201d dedi. O anlar ise bir vatanda\u015f\u0131n cep telefonu kameras\u0131na anbean yans\u0131d\u0131. G\u00f6r\u00fcnt\u00fclerde, \u015f\u00fcphelinin h\u0131rs\u0131zl\u0131k i\u00e7in evin balkonuna girmesi, ard\u0131ndan ev sahibini g\u00f6r\u00fcnce \u0131slak \u00e7at\u0131da can\u0131n\u0131 hi\u00e7e say\u0131p ka\u00e7mas\u0131 yer ald\u0131.<\/p>\n<p><strong>KAYNAK : \u0130HA\u00a0<\/strong><\/p>\n<\/div>\n","protected":false},"excerpt":{"rendered":"<p>\u0130stanbul Avc\u0131lar\u2019da yan binadaki eve \u00e7at\u0131dan giren yabanc\u0131 uyruklu h\u0131rs\u0131z \u00f6nce kameraya ard\u0131ndan ev sahibine yakaland\u0131. Geldi\u011fi yan binaya ka\u00e7arak saklanan \u015f\u00fcpheli, polis ekiplerince k\u0131sk\u0131vrak yakaland\u0131. Olay, d\u00fcn saat 15.00 s\u0131ralar\u0131nda Avc\u0131lar Merkez Mahallesi\u2019nde ya\u015fand\u0131. 5 katl\u0131 bir binan\u0131n son kat\u0131na yan binan\u0131n \u00e7at\u0131s\u0131ndan giren yabanc\u0131 uyruklu h\u0131rs\u0131z, sesleri duyan ev sahibine yakaland\u0131. Ev sahibiyle [&hellip;]<\/p>\n","protected":false},"author":1,"featured_media":2206,"comment_status":"closed","ping_status":"closed","sticky":false,"template":"","format":"standard","meta":{"footnotes":""},"categories":[7,39],"tags":[88,92,93,69,49,94],"class_list":["post-2205","post","type-post","status-publish","format-standard","has-post-thumbnail","hentry","category-gundem","category-haber","tag-avcilar","tag-cati","tag-hirsiz","tag-istanbul","tag-polis","tag-yakalandi"],"_links":{"self":[{"href":"https:\/\/avukatimtv.com\/index.php\/wp-json\/wp\/v2\/posts\/2205","targetHints":{"allow":["GET"]}}],"collection":[{"href":"https:\/\/avukatimtv.com\/index.php\/wp-json\/wp\/v2\/posts"}],"about":[{"href":"https:\/\/avukatimtv.com\/index.php\/wp-json\/wp\/v2\/types\/post"}],"author":[{"embeddable":true,"href":"https:\/\/avukatimtv.com\/index.php\/wp-json\/wp\/v2\/users\/1"}],"replies":[{"embeddable":true,"href":"https:\/\/avukatimtv.com\/index.php\/wp-json\/wp\/v2\/comments?post=2205"}],"version-history":[{"count":1,"href":"https:\/\/avukatimtv.com\/index.php\/wp-json\/wp\/v2\/posts\/2205\/revisions"}],"predecessor-version":[{"id":2207,"href":"https:\/\/avukatimtv.com\/index.php\/wp-json\/wp\/v2\/posts\/2205\/revisions\/2207"}],"wp:featuredmedia":[{"embeddable":true,"href":"https:\/\/avukatimtv.com\/index.php\/wp-json\/wp\/v2\/media\/2206"}],"wp:attachment":[{"href":"https:\/\/avukatimtv.com\/index.php\/wp-json\/wp\/v2\/media?parent=2205"}],"wp:term":[{"taxonomy":"category","embeddable":true,"href":"https:\/\/avukatimtv.com\/index.php\/wp-json\/wp\/v2\/categories?post=2205"},{"taxonomy":"post_tag","embeddable":true,"href":"https:\/\/avukatimtv.com\/index.php\/wp-json\/wp\/v2\/tags?post=2205"}],"curies":[{"name":"wp","href":"https:\/\/api.w.org\/{rel}","templated":true}]}}