{"id":2208,"date":"2024-12-27T12:21:27","date_gmt":"2024-12-27T09:21:27","guid":{"rendered":"https:\/\/avukatimtv.com\/?p=2208"},"modified":"2024-12-27T12:21:27","modified_gmt":"2024-12-27T09:21:27","slug":"parkta-cay-ictigi-arkadasini-bicaklayarak-oldurdu","status":"publish","type":"post","link":"https:\/\/avukatimtv.com\/index.php\/2024\/12\/27\/parkta-cay-ictigi-arkadasini-bicaklayarak-oldurdu\/","title":{"rendered":"Parkta \u00e7ay i\u00e7ti\u011fi arkada\u015f\u0131n\u0131 b\u0131\u00e7aklayarak \u00f6ld\u00fcrd\u00fc"},"content":{"rendered":"<h2 class=\"mt10 haber_ozet\">Kayseri&#8217;de bir parkta \u00e7ay i\u00e7en arkada\u015flar aras\u0131nda tart\u0131\u015fma \u00e7\u0131kt\u0131. K\u0131sa s\u00fcrede kavgaya d\u00f6nen tart\u0131\u015fmada arkada\u015flardan biri, di\u011ferini b\u0131\u00e7aklayarak \u00f6ld\u00fcrd\u00fc.Kayseri&#8217;nin\u00a0Kocasinan\u00a0il\u00e7esine ba\u011fl\u0131 Barbaros Mahallesi\u00a0Suba\u015f\u0131\u00a0Sokak \u00fczerinde bulunan park kana buland\u0131. Parkta \u00e7ay i\u00e7en arkada\u015flar aras\u0131nda hen\u00fcz bilinmeyen bir nedenle tart\u0131\u015fma \u00e7\u0131kt\u0131.<\/h2>\n<h3>\u00c7AY \u0130\u00c7T\u0130\u011e\u0130 ARKADA\u015eINI BI\u00c7AKLADI<\/h3>\n<p>Tart\u0131\u015fma k\u0131sa s\u00fcrede kavgaya d\u00f6n\u00fc\u015ft\u00fc. Bunun \u00fczerine B.C, yan\u0131nda ta\u015f\u0131d\u0131\u011f\u0131 b\u0131\u00e7akla arkada\u015f\u0131 Yasin D&#8217;ye (46) sald\u0131rd\u0131. Yasin D, v\u00fccuduna ald\u0131\u011f\u0131 b\u0131\u00e7ak darbeleriyle a\u011f\u0131r yaralan\u0131rken B.C. olay yerinden ka\u00e7t\u0131. \u00c7evredekilerin ihbar\u0131yla olay yerine sa\u011fl\u0131k ve polis ekipleri sevk edildi.\u00a0Polis\u00a0ekipleri \u00e7evrede g\u00fcvenlik \u00f6nlemleri al\u0131rken sa\u011fl\u0131k ekipleri ilk m\u00fcdahalede bulundu\u011fu Yasin D&#8217;yi ambulansla hastaneye kald\u0131rd\u0131.<\/p>\n<h3>SALDIRGAN YAKALANDI<\/h3>\n<p>\u015e\u00fcpheli B.C. polis ekipleri taraf\u0131ndan yakalanarak g\u00f6zalt\u0131na al\u0131nd\u0131. \u015e\u00fcphelinin emniyetteki i\u015flemleri s\u00fcr\u00fcyor.<\/p>\n<h3>HASTANEDE HAYATINI KAYBETT\u0130<\/h3>\n<p>Kayseri \u015eehir Hastanesi&#8217;nde tedavi alt\u0131na al\u0131nan Yasin D. doktorlar\u0131n t\u00fcm m\u00fcdahalelerine ra\u011fmen hayat\u0131n\u0131 kaybetti.<\/p>\n<p><strong>KAYNAK : \u0130HA<\/strong><\/p>\n","protected":false},"excerpt":{"rendered":"<p>Kayseri&#8217;de bir parkta \u00e7ay i\u00e7en arkada\u015flar aras\u0131nda tart\u0131\u015fma \u00e7\u0131kt\u0131. K\u0131sa s\u00fcrede kavgaya d\u00f6nen tart\u0131\u015fmada arkada\u015flardan biri, di\u011ferini b\u0131\u00e7aklayarak \u00f6ld\u00fcrd\u00fc.Kayseri&#8217;nin\u00a0Kocasinan\u00a0il\u00e7esine ba\u011fl\u0131 Barbaros Mahallesi\u00a0Suba\u015f\u0131\u00a0Sokak \u00fczerinde bulunan park kana buland\u0131. Parkta \u00e7ay i\u00e7en arkada\u015flar aras\u0131nda hen\u00fcz bilinmeyen bir nedenle tart\u0131\u015fma \u00e7\u0131kt\u0131. \u00c7AY \u0130\u00c7T\u0130\u011e\u0130 ARKADA\u015eINI BI\u00c7AKLADI Tart\u0131\u015fma k\u0131sa s\u00fcrede kavgaya d\u00f6n\u00fc\u015ft\u00fc. Bunun \u00fczerine B.C, yan\u0131nda ta\u015f\u0131d\u0131\u011f\u0131 b\u0131\u00e7akla arkada\u015f\u0131 Yasin [&hellip;]<\/p>\n","protected":false},"author":1,"featured_media":2209,"comment_status":"closed","ping_status":"closed","sticky":false,"template":"","format":"standard","meta":{"footnotes":""},"categories":[7,39,38],"tags":[82,96,97,49,95,98],"class_list":["post-2208","post","type-post","status-publish","format-standard","has-post-thumbnail","hentry","category-gundem","category-haber","category-hukuk","tag-bicak","tag-kayseri","tag-kocasinan","tag-polis","tag-subasi","tag-tartisma"],"_links":{"self":[{"href":"https:\/\/avukatimtv.com\/index.php\/wp-json\/wp\/v2\/posts\/2208","targetHints":{"allow":["GET"]}}],"collection":[{"href":"https:\/\/avukatimtv.com\/index.php\/wp-json\/wp\/v2\/posts"}],"about":[{"href":"https:\/\/avukatimtv.com\/index.php\/wp-json\/wp\/v2\/types\/post"}],"author":[{"embeddable":true,"href":"https:\/\/avukatimtv.com\/index.php\/wp-json\/wp\/v2\/users\/1"}],"replies":[{"embeddable":true,"href":"https:\/\/avukatimtv.com\/index.php\/wp-json\/wp\/v2\/comments?post=2208"}],"version-history":[{"count":1,"href":"https:\/\/avukatimtv.com\/index.php\/wp-json\/wp\/v2\/posts\/2208\/revisions"}],"predecessor-version":[{"id":2210,"href":"https:\/\/avukatimtv.com\/index.php\/wp-json\/wp\/v2\/posts\/2208\/revisions\/2210"}],"wp:featuredmedia":[{"embeddable":true,"href":"https:\/\/avukatimtv.com\/index.php\/wp-json\/wp\/v2\/media\/2209"}],"wp:attachment":[{"href":"https:\/\/avukatimtv.com\/index.php\/wp-json\/wp\/v2\/media?parent=2208"}],"wp:term":[{"taxonomy":"category","embeddable":true,"href":"https:\/\/avukatimtv.com\/index.php\/wp-json\/wp\/v2\/categories?post=2208"},{"taxonomy":"post_tag","embeddable":true,"href":"https:\/\/avukatimtv.com\/index.php\/wp-json\/wp\/v2\/tags?post=2208"}],"curies":[{"name":"wp","href":"https:\/\/api.w.org\/{rel}","templated":true}]}}