{"id":2211,"date":"2024-12-28T13:38:44","date_gmt":"2024-12-28T10:38:44","guid":{"rendered":"https:\/\/avukatimtv.com\/?p=2211"},"modified":"2024-12-28T13:38:44","modified_gmt":"2024-12-28T10:38:44","slug":"yenidogan-cetesi-sorusturmasinin-kilit-isimlerinden-ali-dirik-sahte-ehliyetle-yakalandi","status":"publish","type":"post","link":"https:\/\/avukatimtv.com\/index.php\/2024\/12\/28\/yenidogan-cetesi-sorusturmasinin-kilit-isimlerinden-ali-dirik-sahte-ehliyetle-yakalandi\/","title":{"rendered":"Yenido\u011fan \u00e7etesi soru\u015fturmas\u0131n\u0131n kilit isimlerinden Ali Dirik sahte ehliyetle yakaland\u0131"},"content":{"rendered":"<h2 id=\"content\" class=\"content font-normal text-gray-700 text-xl lg:text-2xl leading-6 mb-8 mt-8 block \">Yenido\u011fan \u00c7etesi davas\u0131na ili\u015fkin y\u00fcr\u00fct\u00fclen soru\u015fturmada kapsam\u0131nda g\u00f6zalt\u0131na al\u0131nan Ali Dirik\u2019in Fatih\u2019te seyir halindeyken sahte ehliyetle yakaland\u0131\u011f\u0131 ortaya \u00e7\u0131kt\u0131.<\/h2>\n<div id=\"content\" class=\"content news-detail__content font-normal text-gray-45 text-base font-setting\">\n<p>T\u00fcrkiye\u2019de son d\u00f6nemde g\u00f6r\u00fclen en b\u00fcy\u00fck sa\u011fl\u0131k skandal\u0131 olarak nitelendirilen \u201cyenido\u011fan \u00e7etesi\u201d ile ilgili dava devam ederken, soru\u015fturman\u0131n kilit san\u0131klar\u0131ndan firari Ali Dirik\u2019in \u0130stanbul\u2019da oldu\u011fu bilgisine ula\u015f\u0131lm\u0131\u015f, Bak\u0131rk\u00f6y Cumhuriyet Ba\u015fsavc\u0131l\u0131\u011f\u0131nca y\u00fcr\u00fct\u00fclen, 22\u2019si tutuklu 47 san\u0131kl\u0131 davada firari olarak aranan Fatih\u2019te g\u00f6zalt\u0131na alm\u0131\u015ft\u0131.<\/p>\n<p>Davan\u0131n g\u00f6r\u00fcld\u00fc\u011f\u00fc Bak\u0131rk\u00f6y Adliyesine sevk edildi ve mahkemece tutuklanarak cezaevine g\u00f6nderildi. Soru\u015fturma dosyas\u0131nda G\u00fcney Hastanesi Mesul M\u00fcd\u00fcr\u00fc olarak g\u00f6sterilen Dirik\u2019in Fatih\u2019te ara\u00e7la seyir halindeyken sahte ehliyetle yakaland\u0131\u011f\u0131 ortaya \u00e7\u0131kt\u0131.<img decoding=\"async\" src=\"https:\/\/cdn.iha.com.tr\/Contents\/24-12\/27\/yenidogann.jpg\" alt=\"Yenido\u011fan \u00e7etesi soru\u015fturmas\u0131n\u0131n kilit isimlerinden Ali Dirik sahte ehliyetle yakaland\u0131\" \/><\/p>\n<p><strong>KAYNAK : \u0130HA<\/strong><\/p>\n<\/div>\n","protected":false},"excerpt":{"rendered":"<p>Yenido\u011fan \u00c7etesi davas\u0131na ili\u015fkin y\u00fcr\u00fct\u00fclen soru\u015fturmada kapsam\u0131nda g\u00f6zalt\u0131na al\u0131nan Ali Dirik\u2019in Fatih\u2019te seyir halindeyken sahte ehliyetle yakaland\u0131\u011f\u0131 ortaya \u00e7\u0131kt\u0131. T\u00fcrkiye\u2019de son d\u00f6nemde g\u00f6r\u00fclen en b\u00fcy\u00fck sa\u011fl\u0131k skandal\u0131 olarak nitelendirilen \u201cyenido\u011fan \u00e7etesi\u201d ile ilgili dava devam ederken, soru\u015fturman\u0131n kilit san\u0131klar\u0131ndan firari Ali Dirik\u2019in \u0130stanbul\u2019da oldu\u011fu bilgisine ula\u015f\u0131lm\u0131\u015f, Bak\u0131rk\u00f6y Cumhuriyet Ba\u015fsavc\u0131l\u0131\u011f\u0131nca y\u00fcr\u00fct\u00fclen, 22\u2019si tutuklu 47 san\u0131kl\u0131 davada [&hellip;]<\/p>\n","protected":false},"author":1,"featured_media":0,"comment_status":"closed","ping_status":"closed","sticky":false,"template":"","format":"standard","meta":{"footnotes":""},"categories":[7,39,38],"tags":[102,100,51,103,101,99],"class_list":["post-2211","post","type-post","status-publish","format-standard","hentry","category-gundem","category-haber","category-hukuk","tag-adliye","tag-dava","tag-gozalti","tag-hastane","tag-sahte","tag-yenidogan"],"_links":{"self":[{"href":"https:\/\/avukatimtv.com\/index.php\/wp-json\/wp\/v2\/posts\/2211","targetHints":{"allow":["GET"]}}],"collection":[{"href":"https:\/\/avukatimtv.com\/index.php\/wp-json\/wp\/v2\/posts"}],"about":[{"href":"https:\/\/avukatimtv.com\/index.php\/wp-json\/wp\/v2\/types\/post"}],"author":[{"embeddable":true,"href":"https:\/\/avukatimtv.com\/index.php\/wp-json\/wp\/v2\/users\/1"}],"replies":[{"embeddable":true,"href":"https:\/\/avukatimtv.com\/index.php\/wp-json\/wp\/v2\/comments?post=2211"}],"version-history":[{"count":1,"href":"https:\/\/avukatimtv.com\/index.php\/wp-json\/wp\/v2\/posts\/2211\/revisions"}],"predecessor-version":[{"id":2212,"href":"https:\/\/avukatimtv.com\/index.php\/wp-json\/wp\/v2\/posts\/2211\/revisions\/2212"}],"wp:attachment":[{"href":"https:\/\/avukatimtv.com\/index.php\/wp-json\/wp\/v2\/media?parent=2211"}],"wp:term":[{"taxonomy":"category","embeddable":true,"href":"https:\/\/avukatimtv.com\/index.php\/wp-json\/wp\/v2\/categories?post=2211"},{"taxonomy":"post_tag","embeddable":true,"href":"https:\/\/avukatimtv.com\/index.php\/wp-json\/wp\/v2\/tags?post=2211"}],"curies":[{"name":"wp","href":"https:\/\/api.w.org\/{rel}","templated":true}]}}