{"id":2219,"date":"2024-12-30T11:46:44","date_gmt":"2024-12-30T08:46:44","guid":{"rendered":"https:\/\/avukatimtv.com\/?p=2219"},"modified":"2024-12-30T11:46:44","modified_gmt":"2024-12-30T08:46:44","slug":"istiklal-caddesindeki-bombali-saldiriyla-baglantili-2-supheli-yakalandi","status":"publish","type":"post","link":"https:\/\/avukatimtv.com\/index.php\/2024\/12\/30\/istiklal-caddesindeki-bombali-saldiriyla-baglantili-2-supheli-yakalandi\/","title":{"rendered":"\u0130stiklal Caddesi\u2019ndeki bombal\u0131 sald\u0131r\u0131yla ba\u011flant\u0131l\u0131 2 \u015f\u00fcpheli yakaland\u0131"},"content":{"rendered":"<h2 id=\"content\" class=\"content font-normal text-gray-700 text-xl lg:text-2xl leading-6 mb-8 mt-8 block \">\u0130stanbul Beyo\u011flu \u0130stiklal Caddesi\u2019nde 13 Kas\u0131m 2022\u2019de 6 ki\u015finin \u00f6l\u00fcm\u00fc, 81 ki\u015finin yaralanmas\u0131 ile sonu\u00e7lanan bombal\u0131 sald\u0131r\u0131ya ili\u015fkin y\u00fcr\u00fct\u00fclen soru\u015fturmada, s\u0131cak bir geli\u015fme ya\u015fand\u0131. Bombal\u0131 sald\u0131r\u0131y\u0131 ger\u00e7ekle\u015ftiren Suriye uyruklu PKK\/YPG mensubu Ahlam Albashir\u2019in T\u00fcrkiye\u2019ye ge\u00e7i\u015fine yard\u0131m eden ve ya\u015fam malzemesi tedarik ederek bar\u0131nma ihtiyac\u0131n\u0131 kar\u015f\u0131layan, \u0130stanbul\u2019a intikallerini sa\u011flayan ve ka\u00e7ak\u00e7\u0131l\u0131k faaliyetlerinde bulunan 2 ter\u00f6r \u015f\u00fcphelisi yakaland\u0131.<\/h2>\n<div id=\"content\" class=\"content news-detail__content font-normal text-gray-45 text-base font-setting\">\n<p>\u0130stanbul Emniyet M\u00fcd\u00fcrl\u00fc\u011f\u00fc \u0130stihbarat ve Ter\u00f6rle M\u00fccadele \u015eube M\u00fcd\u00fcrl\u00fc\u011f\u00fc ekipleri, b\u00f6l\u00fcc\u00fc ter\u00f6r \u00f6rg\u00fct\u00fc PKK ve onun Suriye kolu PYD\/YPG\u2019nin faaliyetlerinin de\u015fifre edilmesi ve engellenmesine y\u00f6nelik yap\u0131lan \u00e7al\u0131\u015fmalarda yeni bir geli\u015fme ya\u015fand\u0131.<\/p>\n<p><strong>Sald\u0131r\u0131n\u0131n bir numaral\u0131 failinin T\u00fcrkiye\u2019ye ge\u00e7i\u015fini sa\u011flam\u0131\u015flar<\/strong><\/p>\n<p>Y\u00fcr\u00fct\u00fclen soru\u015fturma \u00e7er\u00e7evesinde ge\u00e7mi\u015f d\u00f6nemlerde PKK\/KCK-TM (T\u00fcrkiye Meclisi) yap\u0131lanmas\u0131nda s\u00f6zde siyasi ve ideolojik e\u011fitim alan \u00f6rg\u00fct mensuplar\u0131 i\u00e7erisinden se\u00e7ilerek, \u0130stanbul\u2019da silahl\u0131 eylem ve sabotaj e\u011fitimine al\u0131nan bir h\u00fccre tespit edildi. S\u00f6z konusu PKK h\u00fccresinin, 13 Kas\u0131m 2022\u2019de Beyo\u011flu \u0130stiklal Caddesi\u2019nde ger\u00e7ekle\u015fen bombal\u0131 sald\u0131r\u0131n\u0131n faillerinden olan Suriye uyruklu PYD \u00fcyesi Ahlam Albashir isimli ter\u00f6ristin T\u00fcrkiye\u2019ye ge\u00e7i\u015fini sa\u011flad\u0131klar\u0131 ve ya\u015fam malzemesi tedarik ederek, bar\u0131nma ihtiyac\u0131n\u0131 kar\u015f\u0131lad\u0131klar\u0131 anla\u015f\u0131ld\u0131. Ad\u0131 ge\u00e7en 2 PKK\u2019l\u0131n\u0131n, eylemin kilit ismini Suriye s\u0131n\u0131r\u0131ndan \u0130stanbul\u2018a intikallerini sa\u011flad\u0131klar\u0131 ve ka\u00e7ak\u00e7\u0131l\u0131k faaliyetlerinde bulunduklar\u0131 belirtildi. 2 \u015f\u00fcpheli polis taraf\u0131ndan d\u00fczenlenen operasyonla yakaland\u0131. G\u00f6zalt\u0131na zanl\u0131lar sorgulanmak \u00fczere TEM \u015eubeye g\u00f6t\u00fcr\u00fcld\u00fc.<\/p>\n<p><strong>\u00d6rg\u00fcte y\u00f6nelik 4 ilde rehine operasyonu: 11 g\u00f6zalt\u0131<\/strong><\/p>\n<p>\u0130stiklal Caddesi failiyle ba\u011flant\u0131l\u0131 zanl\u0131lar\u0131n emniyetteki sorgusu devam ederken, \u00f6rg\u00fcte y\u00f6nelik \u0130stanbul merkezli 4 ilde rehine operasyonu d\u00fczenlendi. 23 Aral\u0131k\u2019ta Beyo\u011flu\u2019nda F.K. isimli bir ki\u015finin PKK\/KCK Silahl\u0131 Ter\u00f6r \u00d6rg\u00fct\u00fcn\u00fcn gen\u00e7lik yap\u0131lanmas\u0131 taraf\u0131ndan rehin al\u0131nd\u0131\u011f\u0131 ve silahla tehdit edildi\u011fi belirtildi. F.K.\u2019y\u0131 zorla al\u0131koyan ve s\u00f6z konusu il\u00e7ede \u00f6rg\u00fct\u00fcn gen\u00e7lik yap\u0131lanmas\u0131 saflar\u0131nda yer alarak ge\u00e7mi\u015fte PKK\/KCK ad\u0131na faaliyetlerde bulunan \u015f\u00fcphelilere y\u00f6nelik \u0130stanbul, Adana, Diyarbak\u0131r ve Mersin\u2019de e\u015f zamanl\u0131 operasyon d\u00fczenlendi. Yap\u0131lan operasyonda 11 \u015f\u00fcphelinin yakaland\u0131\u011f\u0131 bildirildi. Zanl\u0131lara ait adreslerdeki aramalarda ise yasakl\u0131 yay\u0131n, Airsoft tabanca ve \u015fah\u0131slara ait dijital materyallere el konuldu.<\/p>\n<p><strong>KAYNAK : \u0130HA<\/strong><\/p>\n<\/div>\n","protected":false},"excerpt":{"rendered":"<p>\u0130stanbul Beyo\u011flu \u0130stiklal Caddesi\u2019nde 13 Kas\u0131m 2022\u2019de 6 ki\u015finin \u00f6l\u00fcm\u00fc, 81 ki\u015finin yaralanmas\u0131 ile sonu\u00e7lanan bombal\u0131 sald\u0131r\u0131ya ili\u015fkin y\u00fcr\u00fct\u00fclen soru\u015fturmada, s\u0131cak bir geli\u015fme ya\u015fand\u0131. Bombal\u0131 sald\u0131r\u0131y\u0131 ger\u00e7ekle\u015ftiren Suriye uyruklu PKK\/YPG mensubu Ahlam Albashir\u2019in T\u00fcrkiye\u2019ye ge\u00e7i\u015fine yard\u0131m eden ve ya\u015fam malzemesi tedarik ederek bar\u0131nma ihtiyac\u0131n\u0131 kar\u015f\u0131layan, \u0130stanbul\u2019a intikallerini sa\u011flayan ve ka\u00e7ak\u00e7\u0131l\u0131k faaliyetlerinde bulunan 2 ter\u00f6r \u015f\u00fcphelisi [&hellip;]<\/p>\n","protected":false},"author":1,"featured_media":2220,"comment_status":"closed","ping_status":"closed","sticky":false,"template":"","format":"standard","meta":{"footnotes":""},"categories":[1],"tags":[115,114,69,113,116],"class_list":["post-2219","post","type-post","status-publish","format-standard","has-post-thumbnail","hentry","category-genel","tag-2supheli","tag-bomba","tag-istanbul","tag-istiklal","tag-tutuklama"],"_links":{"self":[{"href":"https:\/\/avukatimtv.com\/index.php\/wp-json\/wp\/v2\/posts\/2219","targetHints":{"allow":["GET"]}}],"collection":[{"href":"https:\/\/avukatimtv.com\/index.php\/wp-json\/wp\/v2\/posts"}],"about":[{"href":"https:\/\/avukatimtv.com\/index.php\/wp-json\/wp\/v2\/types\/post"}],"author":[{"embeddable":true,"href":"https:\/\/avukatimtv.com\/index.php\/wp-json\/wp\/v2\/users\/1"}],"replies":[{"embeddable":true,"href":"https:\/\/avukatimtv.com\/index.php\/wp-json\/wp\/v2\/comments?post=2219"}],"version-history":[{"count":1,"href":"https:\/\/avukatimtv.com\/index.php\/wp-json\/wp\/v2\/posts\/2219\/revisions"}],"predecessor-version":[{"id":2221,"href":"https:\/\/avukatimtv.com\/index.php\/wp-json\/wp\/v2\/posts\/2219\/revisions\/2221"}],"wp:featuredmedia":[{"embeddable":true,"href":"https:\/\/avukatimtv.com\/index.php\/wp-json\/wp\/v2\/media\/2220"}],"wp:attachment":[{"href":"https:\/\/avukatimtv.com\/index.php\/wp-json\/wp\/v2\/media?parent=2219"}],"wp:term":[{"taxonomy":"category","embeddable":true,"href":"https:\/\/avukatimtv.com\/index.php\/wp-json\/wp\/v2\/categories?post=2219"},{"taxonomy":"post_tag","embeddable":true,"href":"https:\/\/avukatimtv.com\/index.php\/wp-json\/wp\/v2\/tags?post=2219"}],"curies":[{"name":"wp","href":"https:\/\/api.w.org\/{rel}","templated":true}]}}