{"id":2222,"date":"2024-12-30T12:33:02","date_gmt":"2024-12-30T09:33:02","guid":{"rendered":"https:\/\/avukatimtv.com\/?p=2222"},"modified":"2024-12-30T12:33:02","modified_gmt":"2024-12-30T09:33:02","slug":"esenyurtta-komsularin-yuksek-ses-tartismasi-mahalle-kavgasina-dondu","status":"publish","type":"post","link":"https:\/\/avukatimtv.com\/index.php\/2024\/12\/30\/esenyurtta-komsularin-yuksek-ses-tartismasi-mahalle-kavgasina-dondu\/","title":{"rendered":"Esenyurt\u2019ta kom\u015fular\u0131n y\u00fcksek ses tart\u0131\u015fmas\u0131 mahalle kavgas\u0131na d\u00f6nd\u00fc"},"content":{"rendered":"<h2 id=\"content\" class=\"content font-normal text-gray-700 text-xl lg:text-2xl leading-6 mb-8 mt-8 block \">\u0130stanbul Esenyurt\u2019ta kom\u015fular aras\u0131nda \u00e7\u0131kan y\u00fcksek ses tart\u0131\u015fmas\u0131, adeta mahalle kavgas\u0131na d\u00f6nd\u00fc. Bir \u015f\u00fcpheli kom\u015fusuna pompal\u0131 t\u00fcfekle ate\u015f etmek istedi ancak silah tutukluk yapt\u0131. \u015eah\u0131s bunun \u00fczerine silah\u0131n kabzas\u0131yla kom\u015fusunun kafas\u0131na vurarak yaralad\u0131. Taraflar g\u00fc\u00e7l\u00fckle sakinle\u015ftirilirken, bir ki\u015fi g\u00f6zalt\u0131na al\u0131nd\u0131. Ya\u015fanan o anlar vatanda\u015flar taraf\u0131ndan g\u00f6r\u00fcnt\u00fclendi.<\/h2>\n<div id=\"content\" class=\"content news-detail__content font-normal text-gray-45 text-base font-setting\">\n<p>Olay, d\u00fcn ak\u015fam 22.30 sular\u0131nda Esenyurt P\u0131nar Mahallesi 1236\u2019nc\u0131 sokakta meydana geldi. \u0130ddiaya g\u00f6re, altl\u0131 \u00fcstl\u00fc oturan iki aile aras\u0131nda y\u00fcksek ses nedeniyle tart\u0131\u015fma \u00e7\u0131kt\u0131. \u00c7\u0131kan tart\u0131\u015fma k\u0131sa s\u00fcrede kavgaya d\u00f6n\u00fc\u015ft\u00fc. \u0130ki taraf\u0131nda yak\u0131nlar\u0131n\u0131n dahil oldu\u011fu kavga soka\u011fa ta\u015ft\u0131. Kavga eden \u015f\u00fcphelilerden birisi pompal\u0131 t\u00fcfekle ate\u015f etmek istedi ancak t\u00fcfek tutukluk yapt\u0131. \u015e\u00fcpheli bunun \u00fczerine silah\u0131n kabzas\u0131yla kom\u015fusunun kafas\u0131na vurarak yaralanmas\u0131na neden oldu.Ard\u0131ndan iki taraf\u0131nda yak\u0131nlar\u0131n\u0131n olay yerine gelmesiyle kavga daha da b\u00fcy\u00fcd\u00fc. \u0130hbar \u00fczerine olay yerine \u00e7ok say\u0131da polis ekibi sevk edildi. Polis kavga eden taraflar\u0131 g\u00fc\u00e7l\u00fckle ay\u0131rd\u0131\u011f\u0131 g\u00f6r\u00fcld\u00fc.<\/p>\n<p>Silah\u0131n kabzas\u0131yla ba\u015f\u0131ndan yaralanan \u015f\u00fcpheli ise olay yerine gelen sa\u011fl\u0131k ekipleri taraf\u0131ndan hastaneye kald\u0131r\u0131l\u0131rken hayati tehlikesi olmad\u0131\u011f\u0131 \u00f6\u011frenildi. Kom\u015fular\u0131n mahalleye kavgas\u0131na d\u00f6nen tart\u0131\u015fmas\u0131 \u00e7evredeki vatanda\u015flar\u0131n cep telefonu kameras\u0131 ile anbean g\u00f6r\u00fcnt\u00fclendi. G\u00f6r\u00fcnt\u00fclerde, birbirine sald\u0131ran kom\u015fular ve polis ekiplerinin m\u00fcdahale eti\u011fi anlar yer ald\u0131. Taraflar polisin m\u00fcdahalesiyle yat\u0131\u015ft\u0131r\u0131l\u0131rken konuyla ilgili olarak bir ki\u015finin g\u00f6zalt\u0131na al\u0131nd\u0131\u011f\u0131 \u00f6\u011frenildi. \u00d6te yandan taraflar\u0131n ya\u015fad\u0131\u011f\u0131 sokakta \u00e7evik kuvvet polislerinin tedbir ald\u0131\u011f\u0131 g\u00f6r\u00fcld\u00fc.<\/p>\n<p><strong>KAYNAK : \u0130HA<\/strong><\/p>\n<\/div>\n","protected":false},"excerpt":{"rendered":"<p>\u0130stanbul Esenyurt\u2019ta kom\u015fular aras\u0131nda \u00e7\u0131kan y\u00fcksek ses tart\u0131\u015fmas\u0131, adeta mahalle kavgas\u0131na d\u00f6nd\u00fc. Bir \u015f\u00fcpheli kom\u015fusuna pompal\u0131 t\u00fcfekle ate\u015f etmek istedi ancak silah tutukluk yapt\u0131. \u015eah\u0131s bunun \u00fczerine silah\u0131n kabzas\u0131yla kom\u015fusunun kafas\u0131na vurarak yaralad\u0131. Taraflar g\u00fc\u00e7l\u00fckle sakinle\u015ftirilirken, bir ki\u015fi g\u00f6zalt\u0131na al\u0131nd\u0131. Ya\u015fanan o anlar vatanda\u015flar taraf\u0131ndan g\u00f6r\u00fcnt\u00fclendi. Olay, d\u00fcn ak\u015fam 22.30 sular\u0131nda Esenyurt P\u0131nar Mahallesi 1236\u2019nc\u0131 [&hellip;]<\/p>\n","protected":false},"author":1,"featured_media":2223,"comment_status":"closed","ping_status":"closed","sticky":false,"template":"","format":"standard","meta":{"footnotes":""},"categories":[7,39,117],"tags":[51,83,52,49,98],"class_list":["post-2222","post","type-post","status-publish","format-standard","has-post-thumbnail","hentry","category-gundem","category-haber","category-olay","tag-gozalti","tag-kavga","tag-olay","tag-polis","tag-tartisma"],"_links":{"self":[{"href":"https:\/\/avukatimtv.com\/index.php\/wp-json\/wp\/v2\/posts\/2222","targetHints":{"allow":["GET"]}}],"collection":[{"href":"https:\/\/avukatimtv.com\/index.php\/wp-json\/wp\/v2\/posts"}],"about":[{"href":"https:\/\/avukatimtv.com\/index.php\/wp-json\/wp\/v2\/types\/post"}],"author":[{"embeddable":true,"href":"https:\/\/avukatimtv.com\/index.php\/wp-json\/wp\/v2\/users\/1"}],"replies":[{"embeddable":true,"href":"https:\/\/avukatimtv.com\/index.php\/wp-json\/wp\/v2\/comments?post=2222"}],"version-history":[{"count":1,"href":"https:\/\/avukatimtv.com\/index.php\/wp-json\/wp\/v2\/posts\/2222\/revisions"}],"predecessor-version":[{"id":2224,"href":"https:\/\/avukatimtv.com\/index.php\/wp-json\/wp\/v2\/posts\/2222\/revisions\/2224"}],"wp:featuredmedia":[{"embeddable":true,"href":"https:\/\/avukatimtv.com\/index.php\/wp-json\/wp\/v2\/media\/2223"}],"wp:attachment":[{"href":"https:\/\/avukatimtv.com\/index.php\/wp-json\/wp\/v2\/media?parent=2222"}],"wp:term":[{"taxonomy":"category","embeddable":true,"href":"https:\/\/avukatimtv.com\/index.php\/wp-json\/wp\/v2\/categories?post=2222"},{"taxonomy":"post_tag","embeddable":true,"href":"https:\/\/avukatimtv.com\/index.php\/wp-json\/wp\/v2\/tags?post=2222"}],"curies":[{"name":"wp","href":"https:\/\/api.w.org\/{rel}","templated":true}]}}