{"id":2226,"date":"2025-01-02T16:16:04","date_gmt":"2025-01-02T13:16:04","guid":{"rendered":"https:\/\/avukatimtv.com\/?p=2226"},"modified":"2025-01-02T16:16:04","modified_gmt":"2025-01-02T13:16:04","slug":"muglada-faili-mechul-cinayette-sir-perdesi-kaldirildi","status":"publish","type":"post","link":"https:\/\/avukatimtv.com\/index.php\/2025\/01\/02\/muglada-faili-mechul-cinayette-sir-perdesi-kaldirildi\/","title":{"rendered":"Mu\u011fla&#8217;da faili me\u00e7hul cinayette s\u0131r perdesi kald\u0131r\u0131ld\u0131"},"content":{"rendered":"<h2 class=\"mt10 haber_ozet\">Mu\u011fla&#8217;da 2023 y\u0131l\u0131nda elleri ba\u011fl\u0131 bir \u015fekilde kafas\u0131na ate\u015f edilerek \u00f6ld\u00fcr\u00fcld\u00fc\u011f\u00fc tespit edilen Halil \u00c7evik cinayetinde s\u0131r perdesi kald\u0131r\u0131ld\u0131. Ankara&#8217;dan gelen \u00f6zel ekibin \u00e7al\u0131\u015fmas\u0131yla yakalanan 17 ya\u015f\u0131ndaki zanl\u0131, &#8220;hayvan otlatma&#8221; meselesinden \u00e7\u0131kan tart\u0131\u015fman\u0131n ard\u0131ndan cinayeti planlayarak i\u015fledi\u011fini itiraf etti.<\/h2>\n<p>Mu\u011fla&#8217;n\u0131n\u00a0Dat\u00e7a\u00a0il\u00e7esinde 11 Kas\u0131m 2023&#8217;te bo\u015f bir arazide elleri ba\u011fl\u0131 bir \u015fekilde ba\u015f\u0131na ate\u015f edilerek \u00f6ld\u00fcr\u00fclm\u00fc\u015f halde bulunan\u00a0Halil \u00c7evik&#8217;in (54) katil zanl\u0131s\u0131n\u0131n yakalanmas\u0131 i\u00e7in\u00a0Ankara&#8217;da \u00f6zel ekip kuruldu.<\/p>\n<h3>\u00d6ZEL EK\u0130P 17 YA\u015eINDAK\u0130 GENC\u0130 TAK\u0130BE ALDI<\/h3>\n<p>Emniyet Genel M\u00fcd\u00fcrl\u00fc\u011f\u00fc Asayi\u015f Daire Ba\u015fkanl\u0131\u011f\u0131\u00a0koordinesinde\u00a0Ankara Emniyet M\u00fcd\u00fcrl\u00fc\u011f\u00fc\u00a0Asayi\u015f \u015eube M\u00fcd\u00fcrl\u00fc\u011f\u00fc\u00a0Cinayet\u00a0B\u00fcro Amirli\u011fi b\u00fcnyesinde kurulan ekip, Mu\u011fla&#8217;ya giderek mevcut deliller \u0131\u015f\u0131\u011f\u0131nda \u00e7al\u0131\u015fmalar\u0131na ba\u015flad\u0131.\u00a0Olay\u00a0yerini defalarca inceleyen ve tan\u0131klarla g\u00f6r\u00fc\u015fen \u00f6zel ekip, \u00e7al\u0131\u015fmalar\u0131n\u0131n sonucunda cinayet zanl\u0131s\u0131 oldu\u011fundan \u015f\u00fcphelendi\u011fi M.Y.D&#8217;yi (17) takibe ald\u0131.<\/p>\n<h3>C\u0130NAYET\u0130 \u0130T\u0130RAF ETT\u0130<\/h3>\n<p>G\u00f6zalt\u0131na al\u0131nan gen\u00e7, sorgusunda cinayeti itiraf etti. \u00c7obanl\u0131k yapan M.Y.D, maktulle arazisinde hayvan otlatt\u0131\u011f\u0131 gerek\u00e7esiyle aralar\u0131nda \u00e7\u0131kan tart\u0131\u015fmada \u00c7evik&#8217;in kendisini defalarca darbetti\u011fini bunun \u00fczerine cinayeti planlayarak i\u015fledi\u011fini s\u00f6yledi.<\/p>\n<h3>TUTUKLANDI<\/h3>\n<p>Emniyetteki i\u015flemleri tamamlanan zanl\u0131, sevk edildi\u011fi mahkemece tutukland\u0131.<\/p>\n<p><strong>KAYNAK : AA<\/strong><\/p>\n","protected":false},"excerpt":{"rendered":"<p>Mu\u011fla&#8217;da 2023 y\u0131l\u0131nda elleri ba\u011fl\u0131 bir \u015fekilde kafas\u0131na ate\u015f edilerek \u00f6ld\u00fcr\u00fcld\u00fc\u011f\u00fc tespit edilen Halil \u00c7evik cinayetinde s\u0131r perdesi kald\u0131r\u0131ld\u0131. Ankara&#8217;dan gelen \u00f6zel ekibin \u00e7al\u0131\u015fmas\u0131yla yakalanan 17 ya\u015f\u0131ndaki zanl\u0131, &#8220;hayvan otlatma&#8221; meselesinden \u00e7\u0131kan tart\u0131\u015fman\u0131n ard\u0131ndan cinayeti planlayarak i\u015fledi\u011fini itiraf etti. Mu\u011fla&#8217;n\u0131n\u00a0Dat\u00e7a\u00a0il\u00e7esinde 11 Kas\u0131m 2023&#8217;te bo\u015f bir arazide elleri ba\u011fl\u0131 bir \u015fekilde ba\u015f\u0131na ate\u015f edilerek \u00f6ld\u00fcr\u00fclm\u00fc\u015f halde [&hellip;]<\/p>\n","protected":false},"author":1,"featured_media":2227,"comment_status":"closed","ping_status":"closed","sticky":false,"template":"","format":"standard","meta":{"footnotes":""},"categories":[7,39,38],"tags":[123,60,119,122,118,52,120,121],"class_list":["post-2226","post","type-post","status-publish","format-standard","has-post-thumbnail","hentry","category-gundem","category-haber","category-hukuk","tag-ankaraemniyetmudurlugu","tag-cinayet","tag-datca","tag-hayvanotlama","tag-mugla","tag-olay","tag-sirperdesi","tag-zanli"],"_links":{"self":[{"href":"https:\/\/avukatimtv.com\/index.php\/wp-json\/wp\/v2\/posts\/2226","targetHints":{"allow":["GET"]}}],"collection":[{"href":"https:\/\/avukatimtv.com\/index.php\/wp-json\/wp\/v2\/posts"}],"about":[{"href":"https:\/\/avukatimtv.com\/index.php\/wp-json\/wp\/v2\/types\/post"}],"author":[{"embeddable":true,"href":"https:\/\/avukatimtv.com\/index.php\/wp-json\/wp\/v2\/users\/1"}],"replies":[{"embeddable":true,"href":"https:\/\/avukatimtv.com\/index.php\/wp-json\/wp\/v2\/comments?post=2226"}],"version-history":[{"count":1,"href":"https:\/\/avukatimtv.com\/index.php\/wp-json\/wp\/v2\/posts\/2226\/revisions"}],"predecessor-version":[{"id":2228,"href":"https:\/\/avukatimtv.com\/index.php\/wp-json\/wp\/v2\/posts\/2226\/revisions\/2228"}],"wp:featuredmedia":[{"embeddable":true,"href":"https:\/\/avukatimtv.com\/index.php\/wp-json\/wp\/v2\/media\/2227"}],"wp:attachment":[{"href":"https:\/\/avukatimtv.com\/index.php\/wp-json\/wp\/v2\/media?parent=2226"}],"wp:term":[{"taxonomy":"category","embeddable":true,"href":"https:\/\/avukatimtv.com\/index.php\/wp-json\/wp\/v2\/categories?post=2226"},{"taxonomy":"post_tag","embeddable":true,"href":"https:\/\/avukatimtv.com\/index.php\/wp-json\/wp\/v2\/tags?post=2226"}],"curies":[{"name":"wp","href":"https:\/\/api.w.org\/{rel}","templated":true}]}}