{"id":2232,"date":"2025-01-03T12:26:13","date_gmt":"2025-01-03T09:26:13","guid":{"rendered":"https:\/\/avukatimtv.com\/?p=2232"},"modified":"2025-01-03T12:26:13","modified_gmt":"2025-01-03T09:26:13","slug":"yol-kenarinda-cesedi-bulunan-rafeti-babasinin-oldurdugu-iddia-edildi","status":"publish","type":"post","link":"https:\/\/avukatimtv.com\/index.php\/2025\/01\/03\/yol-kenarinda-cesedi-bulunan-rafeti-babasinin-oldurdugu-iddia-edildi\/","title":{"rendered":"Yol kenar\u0131nda cesedi bulunan Rafet&#8217;i babas\u0131n\u0131n \u00f6ld\u00fcrd\u00fc\u011f\u00fc iddia edildi"},"content":{"rendered":"<h2 class=\"mt10 haber_ozet\">Adana&#8217;da yol kenar\u0131nda ba\u015f\u0131ndan vurulmu\u015f halde cans\u0131z bedeni bulunan 15 ya\u015f\u0131ndaki Rafet D&#8217;yi, aralar\u0131nda \u00e7\u0131kan tart\u0131\u015fma sonucu babas\u0131n\u0131n \u00f6ld\u00fcrd\u00fc\u011f\u00fc, annesinin ise her \u015feyi bildi\u011fi halde sustu\u011fu iddia edildi. Daha sonra anne ve baban\u0131n \u00e7ocu\u011fun k\u0131yafetlerini \u00e7\u0131kart\u0131p &#8220;ba\u015fkas\u0131 \u00f6ld\u00fcrd\u00fc&#8221; s\u00fcs\u00fc vermek i\u00e7in yol kenar\u0131na att\u0131\u011f\u0131 \u00f6ne s\u00fcr\u00fcld\u00fc.<\/h2>\n<p>Adana&#8217;da yol kenar\u0131nda ba\u015f\u0131ndan vurularak \u00f6ld\u00fcr\u00fclm\u00fc\u015f halde cans\u0131z bedeni bulunan 15 ya\u015f\u0131ndaki Rafet D&#8217;nin \u00f6l\u00fcm\u00fcne ili\u015fkin kan donduran iddialar ortaya at\u0131ld\u0131.<\/p>\n<h3>YOL KENARINDA CANSIZ BEDEN\u0130 BULUNDU<\/h3>\n<p>Y\u00fcre\u011fir\u00a0il\u00e7esine ba\u011fl\u0131 Ge\u00e7itli\u00a0Cumhuriyet Mahallesi\u00a0K\u0131z\u0131ldere yolunda iddiaya g\u00f6re, yol kenar\u0131nda vatanda\u015flar hareketsiz yatan birini g\u00f6r\u00fcnce durumu 112&#8217;ye bildirdi. Olay yerine intikal eden sa\u011fl\u0131k ekipleri, yapt\u0131\u011f\u0131 kontrollerde \u015fahs\u0131n hayat\u0131n\u0131 kaybetti\u011fini belirledi. Rafet D&#8217;ye ait oldu\u011fu tespit edilen cans\u0131z beden otopsi i\u015fleminin ard\u0131ndan ailesine teslim edildi. Rafet D&#8217;nin cenazesi defnedilirken jandarma ekipleri \u015f\u00fcpheli veya \u015f\u00fcphelileri yakalamak i\u00e7in \u00e7al\u0131\u015fma ba\u015flatt\u0131.<\/p>\n<h3>&#8220;BABA \u00d6LD\u00dcRD\u00dc, ANNE SUSTU&#8221; \u0130DD\u0130ASI<\/h3>\n<p>Rafet D&#8217;nin uyu\u015fturucu ba\u011f\u0131ml\u0131s\u0131 oldu\u011fu i\u00e7in s\u00fcrekli ailesiyle tart\u0131\u015ft\u0131\u011f\u0131, olay g\u00fcn\u00fc de yine anne ve babas\u0131yla tart\u0131\u015ft\u0131\u011f\u0131 iddia edildi. Tart\u0131\u015fman\u0131n b\u00fcy\u00fcmesi \u00fczerine baban\u0131n \u00e7ocu\u011fu \u00f6nce darp etti\u011fi sonra tabancayla vurarak \u00f6ld\u00fcrd\u00fc\u011f\u00fc \u00f6ne s\u00fcr\u00fcld\u00fc. Daha sonra baba Mehmet D. ile anne Sevin\u00e7 D&#8217;nin \u00e7ocu\u011fun k\u0131yafetlerini \u00e7\u0131kar\u0131p otomobile koyup &#8220;ba\u015fkas\u0131 \u00f6ld\u00fcrd\u00fc&#8221; s\u00fcs\u00fc vermek i\u00e7in yol kenar\u0131na att\u0131\u011f\u0131 ileri s\u00fcr\u00fcld\u00fc. \u0130l\u00a0Jandarma\u00a0Komutanl\u0131\u011f\u0131na ba\u011fl\u0131 ekipler olay\u0131 derinlemesine ara\u015ft\u0131rmaya ba\u015flad\u0131. Yap\u0131lan ara\u015ft\u0131rmalar neticesinde baba Mehmet D&#8217;nin cinayeti i\u015fledi\u011fi anne Sevin\u00e7 D.&#8217;nin ise olay\u0131 gizledi\u011fi tespit edildi.<\/p>\n<h3>A\u0130LE G\u00d6ZALTINDA<\/h3>\n<p>Bunun \u00fczerine jandarma, ak\u015fam saatlerinde ailenin evine yapt\u0131\u011f\u0131 operasyonla anne ve babay\u0131 g\u00f6zalt\u0131na ald\u0131. Evde yap\u0131lan aramada olayda kullan\u0131lan tabanca ele ge\u00e7irildi. Otomobilde ise \u00e7ocu\u011fun kan\u0131na rastland\u0131.<\/p>\n<p>Anne ve baba \u00e7ocu\u011fu \u00f6ld\u00fcr\u00fcp yol kenar\u0131na att\u0131ktan sonra \u00f6ld\u00fcr\u00fcld\u00fc\u011f\u00fc ortaya \u00e7\u0131k\u0131nca 1 Ocak g\u00fcn\u00fc\u00a0Suluca\u00a0Mahallesinde yap\u0131lan cenaze t\u00f6renine kat\u0131ld\u0131. Hi\u00e7 bir \u015fey olmam\u0131\u015f gibi baban\u0131n \u00e7ocu\u011fun topra\u011fa verilmeden \u00f6nce y\u0131kanmas\u0131na da kat\u0131ld\u0131\u011f\u0131 \u00f6\u011frenildi.<\/p>\n<p><strong>KAYNAK : \u0130HA\u00a0<\/strong><\/p>\n","protected":false},"excerpt":{"rendered":"<p>Adana&#8217;da yol kenar\u0131nda ba\u015f\u0131ndan vurulmu\u015f halde cans\u0131z bedeni bulunan 15 ya\u015f\u0131ndaki Rafet D&#8217;yi, aralar\u0131nda \u00e7\u0131kan tart\u0131\u015fma sonucu babas\u0131n\u0131n \u00f6ld\u00fcrd\u00fc\u011f\u00fc, annesinin ise her \u015feyi bildi\u011fi halde sustu\u011fu iddia edildi. Daha sonra anne ve baban\u0131n \u00e7ocu\u011fun k\u0131yafetlerini \u00e7\u0131kart\u0131p &#8220;ba\u015fkas\u0131 \u00f6ld\u00fcrd\u00fc&#8221; s\u00fcs\u00fc vermek i\u00e7in yol kenar\u0131na att\u0131\u011f\u0131 \u00f6ne s\u00fcr\u00fcld\u00fc. Adana&#8217;da yol kenar\u0131nda ba\u015f\u0131ndan vurularak \u00f6ld\u00fcr\u00fclm\u00fc\u015f halde cans\u0131z bedeni [&hellip;]<\/p>\n","protected":false},"author":1,"featured_media":2233,"comment_status":"closed","ping_status":"closed","sticky":false,"template":"","format":"standard","meta":{"footnotes":""},"categories":[7,39,38],"tags":[128,129,51,47,127],"class_list":["post-2232","post","type-post","status-publish","format-standard","has-post-thumbnail","hentry","category-gundem","category-haber","category-hukuk","tag-adana","tag-cansizbedeni","tag-gozalti","tag-haber","tag-yolkenari"],"_links":{"self":[{"href":"https:\/\/avukatimtv.com\/index.php\/wp-json\/wp\/v2\/posts\/2232","targetHints":{"allow":["GET"]}}],"collection":[{"href":"https:\/\/avukatimtv.com\/index.php\/wp-json\/wp\/v2\/posts"}],"about":[{"href":"https:\/\/avukatimtv.com\/index.php\/wp-json\/wp\/v2\/types\/post"}],"author":[{"embeddable":true,"href":"https:\/\/avukatimtv.com\/index.php\/wp-json\/wp\/v2\/users\/1"}],"replies":[{"embeddable":true,"href":"https:\/\/avukatimtv.com\/index.php\/wp-json\/wp\/v2\/comments?post=2232"}],"version-history":[{"count":1,"href":"https:\/\/avukatimtv.com\/index.php\/wp-json\/wp\/v2\/posts\/2232\/revisions"}],"predecessor-version":[{"id":2234,"href":"https:\/\/avukatimtv.com\/index.php\/wp-json\/wp\/v2\/posts\/2232\/revisions\/2234"}],"wp:featuredmedia":[{"embeddable":true,"href":"https:\/\/avukatimtv.com\/index.php\/wp-json\/wp\/v2\/media\/2233"}],"wp:attachment":[{"href":"https:\/\/avukatimtv.com\/index.php\/wp-json\/wp\/v2\/media?parent=2232"}],"wp:term":[{"taxonomy":"category","embeddable":true,"href":"https:\/\/avukatimtv.com\/index.php\/wp-json\/wp\/v2\/categories?post=2232"},{"taxonomy":"post_tag","embeddable":true,"href":"https:\/\/avukatimtv.com\/index.php\/wp-json\/wp\/v2\/tags?post=2232"}],"curies":[{"name":"wp","href":"https:\/\/api.w.org\/{rel}","templated":true}]}}