{"id":2235,"date":"2025-01-03T12:40:38","date_gmt":"2025-01-03T09:40:38","guid":{"rendered":"https:\/\/avukatimtv.com\/?p=2235"},"modified":"2025-01-03T12:40:38","modified_gmt":"2025-01-03T09:40:38","slug":"acik-giyindigini-iddia-ettigi-ablasini-bicakla-hunharca-katletti","status":"publish","type":"post","link":"https:\/\/avukatimtv.com\/index.php\/2025\/01\/03\/acik-giyindigini-iddia-ettigi-ablasini-bicakla-hunharca-katletti\/","title":{"rendered":"A\u00e7\u0131k giyindi\u011fini iddia etti\u011fi ablas\u0131n\u0131 b\u0131\u00e7akla hunharca katletti"},"content":{"rendered":"<h2 class=\"mt10 haber_ozet\">\u0130stanbul&#8217;da bir \u015fah\u0131s, a\u00e7\u0131k giyindi\u011fi gerek\u00e7esiyle tart\u0131\u015ft\u0131\u011f\u0131 ablas\u0131n\u0131 defalarca b\u0131\u00e7aklayarak \u00f6ld\u00fcrd\u00fc. \u0130nfial yaratan olay\u0131n ard\u0131ndan polis taraf\u0131ndan g\u00f6zalt\u0131na al\u0131nan sald\u0131rgan tutuklanarak cezaevine g\u00f6nderildi.<\/h2>\n<p>Bah\u00e7elievler&#8217;de bir \u015fah\u0131s, a\u00e7\u0131k giyindi\u011fi gerek\u00e7esiyle tart\u0131\u015ft\u0131\u011f\u0131 ablas\u0131n\u0131 defalarca b\u0131\u00e7aklad\u0131. B\u0131\u00e7akl\u0131 sald\u0131rgan polis ekipleri taraf\u0131ndan g\u00f6zalt\u0131na al\u0131nd\u0131. Sald\u0131rgan karde\u015f tutuklanarak cezaevine g\u00f6nderildi. A\u011f\u0131r yaralanan kad\u0131n\u0131n hastanede hayat\u0131n\u0131 kaybetti\u011fi \u00f6\u011frenildi.<\/p>\n<h3>A\u011eIR YARALI OLARAK HASTANEYE KALDIRILDI<\/h3>\n<p>Olay, Bah\u00e7elievler\u00a0Zafer Mahallesi&#8217;nde Per\u015fembe sabah saatlerinde meydana geldi. F.F.(23) ablas\u0131 T.F.(27) ile iddiaya g\u00f6re a\u00e7\u0131k giyindi\u011fi gerek\u00e7esiyle tart\u0131\u015fmaya ba\u015flad\u0131. Tart\u0131\u015fma giderek b\u00fcy\u00fcd\u00fc ve F.F. eline ald\u0131\u011f\u0131 b\u0131\u00e7akla ablas\u0131n\u0131 defalarca b\u0131\u00e7aklad\u0131. Yere y\u0131\u011f\u0131lan kad\u0131n a\u011f\u0131r yaraland\u0131.<\/p>\n<div id=\"inpage_desktop\"><\/div>\n<h3>T\u00dcM M\u00dcDAHALELERE RA\u011eMEN KURTARILAMADI<\/h3>\n<p>Sald\u0131rgan karde\u015f ise, polisi arayarak kendisini ihbar etti.Polis ekipleri a\u011f\u0131r yaral\u0131 kad\u0131n i\u00e7in olay yerine sa\u011fl\u0131k ekibi istedi. Sa\u011fl\u0131k ekipleri, olay yerindeki ilk m\u00fcdahalesinin ard\u0131ndan a\u011f\u0131r yaral\u0131 kad\u0131n\u0131 ambulansla hastaneye kald\u0131rd\u0131. T.F. hastanedeki t\u00fcm m\u00fcdahalelere ra\u011fmen kurtar\u0131lamad\u0131.<\/p>\n<h3>SALDIRGAN TUTUKLANDI<\/h3>\n<p>B\u0131\u00e7akl\u0131 sald\u0131rgan ise g\u00f6zalt\u0131na al\u0131narak polis merkezine g\u00f6t\u00fcr\u00fcld\u00fc. Sald\u0131rgan karde\u015f tutuklanarak cezaevine g\u00f6nderildi.<\/p>\n<p><strong>KAYNAK : DHA<\/strong><\/p>\n","protected":false},"excerpt":{"rendered":"<p>\u0130stanbul&#8217;da bir \u015fah\u0131s, a\u00e7\u0131k giyindi\u011fi gerek\u00e7esiyle tart\u0131\u015ft\u0131\u011f\u0131 ablas\u0131n\u0131 defalarca b\u0131\u00e7aklayarak \u00f6ld\u00fcrd\u00fc. \u0130nfial yaratan olay\u0131n ard\u0131ndan polis taraf\u0131ndan g\u00f6zalt\u0131na al\u0131nan sald\u0131rgan tutuklanarak cezaevine g\u00f6nderildi. Bah\u00e7elievler&#8217;de bir \u015fah\u0131s, a\u00e7\u0131k giyindi\u011fi gerek\u00e7esiyle tart\u0131\u015ft\u0131\u011f\u0131 ablas\u0131n\u0131 defalarca b\u0131\u00e7aklad\u0131. B\u0131\u00e7akl\u0131 sald\u0131rgan polis ekipleri taraf\u0131ndan g\u00f6zalt\u0131na al\u0131nd\u0131. Sald\u0131rgan karde\u015f tutuklanarak cezaevine g\u00f6nderildi. A\u011f\u0131r yaralanan kad\u0131n\u0131n hastanede hayat\u0131n\u0131 kaybetti\u011fi \u00f6\u011frenildi. A\u011eIR YARALI OLARAK [&hellip;]<\/p>\n","protected":false},"author":1,"featured_media":2236,"comment_status":"closed","ping_status":"closed","sticky":false,"template":"","format":"standard","meta":{"footnotes":""},"categories":[38,117],"tags":[130,132,60,69,131],"class_list":["post-2235","post","type-post","status-publish","format-standard","has-post-thumbnail","hentry","category-hukuk","category-olay","tag-bahcelievler","tag-cezaevi","tag-cinayet","tag-istanbul","tag-zafermahallesi"],"_links":{"self":[{"href":"https:\/\/avukatimtv.com\/index.php\/wp-json\/wp\/v2\/posts\/2235","targetHints":{"allow":["GET"]}}],"collection":[{"href":"https:\/\/avukatimtv.com\/index.php\/wp-json\/wp\/v2\/posts"}],"about":[{"href":"https:\/\/avukatimtv.com\/index.php\/wp-json\/wp\/v2\/types\/post"}],"author":[{"embeddable":true,"href":"https:\/\/avukatimtv.com\/index.php\/wp-json\/wp\/v2\/users\/1"}],"replies":[{"embeddable":true,"href":"https:\/\/avukatimtv.com\/index.php\/wp-json\/wp\/v2\/comments?post=2235"}],"version-history":[{"count":1,"href":"https:\/\/avukatimtv.com\/index.php\/wp-json\/wp\/v2\/posts\/2235\/revisions"}],"predecessor-version":[{"id":2237,"href":"https:\/\/avukatimtv.com\/index.php\/wp-json\/wp\/v2\/posts\/2235\/revisions\/2237"}],"wp:featuredmedia":[{"embeddable":true,"href":"https:\/\/avukatimtv.com\/index.php\/wp-json\/wp\/v2\/media\/2236"}],"wp:attachment":[{"href":"https:\/\/avukatimtv.com\/index.php\/wp-json\/wp\/v2\/media?parent=2235"}],"wp:term":[{"taxonomy":"category","embeddable":true,"href":"https:\/\/avukatimtv.com\/index.php\/wp-json\/wp\/v2\/categories?post=2235"},{"taxonomy":"post_tag","embeddable":true,"href":"https:\/\/avukatimtv.com\/index.php\/wp-json\/wp\/v2\/tags?post=2235"}],"curies":[{"name":"wp","href":"https:\/\/api.w.org\/{rel}","templated":true}]}}