{"id":2243,"date":"2025-01-04T11:37:29","date_gmt":"2025-01-04T08:37:29","guid":{"rendered":"https:\/\/avukatimtv.com\/?p=2243"},"modified":"2025-01-04T11:37:29","modified_gmt":"2025-01-04T08:37:29","slug":"25-gun-once-cezaevinden-tahliye-edilen-adama-evinin-onunde-silahli-saldiri","status":"publish","type":"post","link":"https:\/\/avukatimtv.com\/index.php\/2025\/01\/04\/25-gun-once-cezaevinden-tahliye-edilen-adama-evinin-onunde-silahli-saldiri\/","title":{"rendered":"25 g\u00fcn \u00f6nce cezaevinden tahliye edilen adama evinin \u00f6n\u00fcnde silahl\u0131 sald\u0131r\u0131"},"content":{"rendered":"<h2 class=\"mt10 haber_ozet\">\u0130stanbul K\u00fc\u00e7\u00fck\u00e7ekmece&#8217;de 25 g\u00fcn \u00f6nce cezaevinden tahliye edilen bir \u015fah\u0131s evinin \u00f6n\u00fcnde silahl\u0131 sald\u0131r\u0131ya u\u011frad\u0131. Sald\u0131r\u0131y\u0131 ger\u00e7ekle\u015ftiren iki ki\u015fi motosikletle olay yerinden h\u0131zla uzakla\u015ft\u0131. Sald\u0131r\u0131ya u\u011frayan \u015fah\u0131s, sald\u0131rganlar\u0131 kovalamas\u0131na ra\u011fmen onlar\u0131 yakalayamad\u0131.<\/h2>\n<p>\u0130stanbul\u00a0K\u00fc\u00e7\u00fck\u00e7ekmece&#8217;de 25 g\u00fcn \u00f6nce cezaevinden tahliye edilen \u015fah\u0131s evinin \u00f6n\u00fcnde u\u011frad\u0131\u011f\u0131 silahl\u0131 sald\u0131r\u0131dan yara almadan kurtuldu.<\/p>\n<h3>MOTOS\u0130KLETL\u0130 2 K\u0130\u015e\u0130 TARAFINDAN ATE\u015e A\u00c7ILDI<\/h3>\n<p>Olay, 22.00 saatlerinde \u0130stanbul K\u00fc\u00e7\u00fck\u00e7ekmece Mehmet Akif Mahallesi Saka Sokak \u00fczerinde meydana geldi. \u0130ddiaya g\u00f6re yakla\u015f\u0131k 3 ay \u00f6nce silahl\u0131 sald\u0131r\u0131 sebebiyle cezaevine giren Tolga Y., 25 g\u00fcn \u00f6nce tahliye edildi. Tolga Y., gece saatlerinde evinin \u00f6n\u00fcndeki merdivende oturdu\u011fu s\u0131rada soka\u011fa giren motosikletli iki ki\u015fi taraf\u0131ndan silahl\u0131 sald\u0131r\u0131ya u\u011frad\u0131.<\/p>\n<div id=\"inpage_desktop\"><\/div>\n<h3>SALDIRGANLARI KOVALADI<\/h3>\n<p>Olayda sald\u0131r\u0131ya u\u011frayan Tolga Y., motosikletlerinin pe\u015finden giderek kovalarken \u015f\u00fcpheli sald\u0131rganlar kay\u0131plara kar\u0131\u015ft\u0131. \u0130hbar \u00fczerine soka\u011fa polis ekipleri sevk edilirken olay yeri inceleme ekipleri sokakta \u00e7al\u0131\u015fma yapt\u0131. Olayda Tolga Y., yaralanmazken, olay yerinde polis ekipleri taraf\u0131ndan g\u00fcvenlik \u015feridi \u00e7ekildi. Emniyet g\u00fc\u00e7lerinin konu ile ilgili \u00e7al\u0131\u015fmalar\u0131 devam ediyor.<\/p>\n<p><strong>KAYNAK : \u0130HA<\/strong><\/p>\n","protected":false},"excerpt":{"rendered":"<p>\u0130stanbul K\u00fc\u00e7\u00fck\u00e7ekmece&#8217;de 25 g\u00fcn \u00f6nce cezaevinden tahliye edilen bir \u015fah\u0131s evinin \u00f6n\u00fcnde silahl\u0131 sald\u0131r\u0131ya u\u011frad\u0131. Sald\u0131r\u0131y\u0131 ger\u00e7ekle\u015ftiren iki ki\u015fi motosikletle olay yerinden h\u0131zla uzakla\u015ft\u0131. Sald\u0131r\u0131ya u\u011frayan \u015fah\u0131s, sald\u0131rganlar\u0131 kovalamas\u0131na ra\u011fmen onlar\u0131 yakalayamad\u0131. \u0130stanbul\u00a0K\u00fc\u00e7\u00fck\u00e7ekmece&#8217;de 25 g\u00fcn \u00f6nce cezaevinden tahliye edilen \u015fah\u0131s evinin \u00f6n\u00fcnde u\u011frad\u0131\u011f\u0131 silahl\u0131 sald\u0131r\u0131dan yara almadan kurtuldu. MOTOS\u0130KLETL\u0130 2 K\u0130\u015e\u0130 TARAFINDAN ATE\u015e A\u00c7ILDI Olay, [&hellip;]<\/p>\n","protected":false},"author":1,"featured_media":2244,"comment_status":"closed","ping_status":"closed","sticky":false,"template":"","format":"standard","meta":{"footnotes":""},"categories":[39,117],"tags":[132,47,69,136,138,50,139,137],"class_list":["post-2243","post","type-post","status-publish","format-standard","has-post-thumbnail","hentry","category-haber","category-olay","tag-cezaevi","tag-haber","tag-istanbul","tag-kucukcekmece","tag-olayyeri","tag-saldiri","tag-silah","tag-tahliye"],"_links":{"self":[{"href":"https:\/\/avukatimtv.com\/index.php\/wp-json\/wp\/v2\/posts\/2243","targetHints":{"allow":["GET"]}}],"collection":[{"href":"https:\/\/avukatimtv.com\/index.php\/wp-json\/wp\/v2\/posts"}],"about":[{"href":"https:\/\/avukatimtv.com\/index.php\/wp-json\/wp\/v2\/types\/post"}],"author":[{"embeddable":true,"href":"https:\/\/avukatimtv.com\/index.php\/wp-json\/wp\/v2\/users\/1"}],"replies":[{"embeddable":true,"href":"https:\/\/avukatimtv.com\/index.php\/wp-json\/wp\/v2\/comments?post=2243"}],"version-history":[{"count":1,"href":"https:\/\/avukatimtv.com\/index.php\/wp-json\/wp\/v2\/posts\/2243\/revisions"}],"predecessor-version":[{"id":2245,"href":"https:\/\/avukatimtv.com\/index.php\/wp-json\/wp\/v2\/posts\/2243\/revisions\/2245"}],"wp:featuredmedia":[{"embeddable":true,"href":"https:\/\/avukatimtv.com\/index.php\/wp-json\/wp\/v2\/media\/2244"}],"wp:attachment":[{"href":"https:\/\/avukatimtv.com\/index.php\/wp-json\/wp\/v2\/media?parent=2243"}],"wp:term":[{"taxonomy":"category","embeddable":true,"href":"https:\/\/avukatimtv.com\/index.php\/wp-json\/wp\/v2\/categories?post=2243"},{"taxonomy":"post_tag","embeddable":true,"href":"https:\/\/avukatimtv.com\/index.php\/wp-json\/wp\/v2\/tags?post=2243"}],"curies":[{"name":"wp","href":"https:\/\/api.w.org\/{rel}","templated":true}]}}