{"id":2246,"date":"2025-01-04T12:06:18","date_gmt":"2025-01-04T09:06:18","guid":{"rendered":"https:\/\/avukatimtv.com\/?p=2246"},"modified":"2025-01-04T12:06:18","modified_gmt":"2025-01-04T09:06:18","slug":"komsularin-park-yeri-kavgasi-kanli-bitti","status":"publish","type":"post","link":"https:\/\/avukatimtv.com\/index.php\/2025\/01\/04\/komsularin-park-yeri-kavgasi-kanli-bitti\/","title":{"rendered":"Kom\u015fular\u0131n park yeri kavgas\u0131 kanl\u0131 bitti"},"content":{"rendered":"<h2 class=\"mt10 haber_ozet\">Kocaeli&#8217;nde oturdu\u011fu apartman\u0131n \u00f6n\u00fcne otomobilin park edilmesini istemeyen kom\u015fu silahla deh\u015fet sa\u00e7t\u0131. Kur\u015funlar\u0131n isabet etti\u011fi iki karde\u015f yaraland\u0131. Sald\u0131rgan kom\u015fu olay yerinden ka\u00e7arken karde\u015flerden birinin sa\u011fl\u0131k durumunun a\u011f\u0131r oldu\u011fu \u00f6\u011frenildi.<\/h2>\n<p>Kocaeli&#8217;nin\u00a0\u00c7ay\u0131rova\u00a0il\u00e7esine ba\u011fl\u0131\u00a0\u0130n\u00f6n\u00fc\u00a0Mahallesi 143\/1 Sokak&#8217;ta saat 01.30 s\u0131ralar\u0131nda park yeri kavgas\u0131nda kan akt\u0131. 34 DGS 990 plakal\u0131 arac\u0131n s\u00fcr\u00fcc\u00fcs\u00fc Emre \u00d6. (34) ile yan\u0131nda bulunan a\u011fabeyi Muhammet \u00d6. (35) evlerinin \u00f6n\u00fcnde yer bulamad\u0131klar\u0131 i\u00e7in soka\u011f\u0131n kar\u015f\u0131s\u0131na park etmek istedi.<\/p>\n<div class=\"drimg\">\n<figure><img loading=\"lazy\" decoding=\"async\" title=\"Kom\u015fular\u0131n park yeri kavgas\u0131 kanl\u0131 bitti\" src=\"https:\/\/foto.sondakika.com\/haber\/2025\/01\/04\/komsularin-park-yeri-kavgasi-kanli-bitti-18226897_6654_o.jpg\" alt=\"Kom\u015fular\u0131n park yeri kavgas\u0131 kanl\u0131 bitti\" width=\"640\" height=\"360\" \/><\/figure>\n<\/div>\n<h3>PARK YER\u0130 KAVGASINDA KUR\u015eUN YA\u011eDIRDI<\/h3>\n<p>Soka\u011f\u0131n kar\u015f\u0131s\u0131ndaki apartmanda oturan ve ismi \u00f6\u011frenilemeyen \u015fah\u0131s, iki karde\u015fe oraya park etmemelerini s\u00f6yleyince taraflar aras\u0131nda tart\u0131\u015fma \u00e7\u0131kt\u0131. Tart\u0131\u015fma k\u0131sa s\u00fcrede kavgaya d\u00f6n\u00fc\u015ft\u00fc. Kavgan\u0131n b\u00fcy\u00fcmesiyle \u015f\u00fcpheli \u015fah\u0131s, evden tabancas\u0131n\u0131 al\u0131p Muhammet \u00d6. ile o esnada otomobilde bulunan Emre \u00d6&#8217;ye ate\u015f etti.<\/p>\n<h3>KARDE\u015eLERDEN B\u0130R\u0130N\u0130N DURUMU A\u011eIR<\/h3>\n<p>Kur\u015funlar\u0131n isabet etti\u011fi Muhammet \u00d6. baca\u011f\u0131ndan, karde\u015fi Emre \u00d6. ise v\u00fccudunun \u00e7e\u015fitli yerlerinden yaraland\u0131. Emre \u00d6. otomobili s\u00fcrerek ka\u00e7maya \u00e7al\u0131\u015fsa da ayn\u0131 sokakta park halinde bulunan bir kamyonete \u00e7arpt\u0131. Silah seslerini duyan mahalle sakinleri durumu 112 Acil \u00c7a\u011fr\u0131 Merkezi&#8217;ne bildirirken \u015f\u00fcpheli kom\u015fu olay yerinden ka\u00e7t\u0131. Sa\u011fl\u0131k ekipleri taraf\u0131ndan ilk m\u00fcdahalesi yap\u0131lan Muhammet \u00d6.\u00a0Gebze\u00a0Devlet Hastanesi&#8217;ne, karde\u015fi Emre \u00d6., ise Gebze&#8217;deki \u00f6zel bir hastaneye kald\u0131r\u0131ld\u0131. Emre \u00d6.&#8217;n\u00fcn sa\u011fl\u0131k durumunun a\u011f\u0131r oldu\u011fu \u00f6\u011frenildi.<\/p>\n<div class=\"drimg\">\n<figure><img loading=\"lazy\" decoding=\"async\" title=\"Kom\u015fular\u0131n park yeri kavgas\u0131 kanl\u0131 bitti\" src=\"https:\/\/foto.sondakika.com\/haber\/2025\/01\/04\/komsularin-park-yeri-kavgasi-kanli-bitti-18226897_6850_o.jpg\" alt=\"Kom\u015fular\u0131n park yeri kavgas\u0131 kanl\u0131 bitti\" width=\"640\" height=\"360\" \/><\/figure>\n<\/div>\n<h3>SALDIRGAN KOM\u015eU ARANIYOR<\/h3>\n<p>Polis\u00a0ekipleri, olay sonras\u0131 ka\u00e7an \u015f\u00fcpheli kom\u015fuyu yakalamak i\u00e7in \u00e7al\u0131\u015fma ba\u015flatt\u0131.<\/p>\n<p><strong>KAYNAK : DHA<\/strong><\/p>\n","protected":false},"excerpt":{"rendered":"<p>Kocaeli&#8217;nde oturdu\u011fu apartman\u0131n \u00f6n\u00fcne otomobilin park edilmesini istemeyen kom\u015fu silahla deh\u015fet sa\u00e7t\u0131. Kur\u015funlar\u0131n isabet etti\u011fi iki karde\u015f yaraland\u0131. Sald\u0131rgan kom\u015fu olay yerinden ka\u00e7arken karde\u015flerden birinin sa\u011fl\u0131k durumunun a\u011f\u0131r oldu\u011fu \u00f6\u011frenildi. Kocaeli&#8217;nin\u00a0\u00c7ay\u0131rova\u00a0il\u00e7esine ba\u011fl\u0131\u00a0\u0130n\u00f6n\u00fc\u00a0Mahallesi 143\/1 Sokak&#8217;ta saat 01.30 s\u0131ralar\u0131nda park yeri kavgas\u0131nda kan akt\u0131. 34 DGS 990 plakal\u0131 arac\u0131n s\u00fcr\u00fcc\u00fcs\u00fc Emre \u00d6. (34) ile yan\u0131nda bulunan a\u011fabeyi [&hellip;]<\/p>\n","protected":false},"author":1,"featured_media":2247,"comment_status":"closed","ping_status":"closed","sticky":false,"template":"","format":"standard","meta":{"footnotes":""},"categories":[7,39,117],"tags":[144,140,47,143,141,142,49,139],"class_list":["post-2246","post","type-post","status-publish","format-standard","has-post-thumbnail","hentry","category-gundem","category-haber","category-olay","tag-cayirova","tag-gebzedevlethastanesi","tag-haber","tag-kocaeli","tag-komsu","tag-parkyeri","tag-polis","tag-silah"],"_links":{"self":[{"href":"https:\/\/avukatimtv.com\/index.php\/wp-json\/wp\/v2\/posts\/2246","targetHints":{"allow":["GET"]}}],"collection":[{"href":"https:\/\/avukatimtv.com\/index.php\/wp-json\/wp\/v2\/posts"}],"about":[{"href":"https:\/\/avukatimtv.com\/index.php\/wp-json\/wp\/v2\/types\/post"}],"author":[{"embeddable":true,"href":"https:\/\/avukatimtv.com\/index.php\/wp-json\/wp\/v2\/users\/1"}],"replies":[{"embeddable":true,"href":"https:\/\/avukatimtv.com\/index.php\/wp-json\/wp\/v2\/comments?post=2246"}],"version-history":[{"count":1,"href":"https:\/\/avukatimtv.com\/index.php\/wp-json\/wp\/v2\/posts\/2246\/revisions"}],"predecessor-version":[{"id":2248,"href":"https:\/\/avukatimtv.com\/index.php\/wp-json\/wp\/v2\/posts\/2246\/revisions\/2248"}],"wp:featuredmedia":[{"embeddable":true,"href":"https:\/\/avukatimtv.com\/index.php\/wp-json\/wp\/v2\/media\/2247"}],"wp:attachment":[{"href":"https:\/\/avukatimtv.com\/index.php\/wp-json\/wp\/v2\/media?parent=2246"}],"wp:term":[{"taxonomy":"category","embeddable":true,"href":"https:\/\/avukatimtv.com\/index.php\/wp-json\/wp\/v2\/categories?post=2246"},{"taxonomy":"post_tag","embeddable":true,"href":"https:\/\/avukatimtv.com\/index.php\/wp-json\/wp\/v2\/tags?post=2246"}],"curies":[{"name":"wp","href":"https:\/\/api.w.org\/{rel}","templated":true}]}}