{"id":2256,"date":"2025-01-07T13:52:02","date_gmt":"2025-01-07T10:52:02","guid":{"rendered":"https:\/\/avukatimtv.com\/?p=2256"},"modified":"2025-01-07T13:52:02","modified_gmt":"2025-01-07T10:52:02","slug":"sagir-ve-dilsiz-cocuga-iskenceyi-kameraya-alip-abisine-gonderdi","status":"publish","type":"post","link":"https:\/\/avukatimtv.com\/index.php\/2025\/01\/07\/sagir-ve-dilsiz-cocuga-iskenceyi-kameraya-alip-abisine-gonderdi\/","title":{"rendered":"Sa\u011f\u0131r ve dilsiz \u00e7ocu\u011fa i\u015fkenceyi kameraya al\u0131p abisine g\u00f6nderdi"},"content":{"rendered":"<h2 id=\"content\" class=\"content font-normal text-gray-700 text-xl lg:text-2xl leading-6 mb-8 mt-8 block \">Esenyurt\u2019ta 14 ve 17 ya\u015flar\u0131nda 2 ki\u015fi, bir \u00e7ocu\u011fu internet kafede s\u0131k\u0131\u015ft\u0131rarak darp etti. Kan donduran g\u00f6r\u00fcnt\u00fcleri de kameraya al\u0131p \u00e7ocu\u011fun abisine yollayan \u015fah\u0131slar \u201c\u015fikayet\u00e7i olursan sana da b\u00f6yle yapar\u0131z\u201d dedi. Videonun sosyal medyada yay\u0131lmas\u0131 \u00fczerine harekete ge\u00e7en polis ekipleri olaya kar\u0131\u015ft\u0131\u011f\u0131 tespit edilen \u00e7ocuklar\u0131 g\u00f6zalt\u0131na ald\u0131.<\/h2>\n<div id=\"content\" class=\"content news-detail__content font-normal text-gray-45 text-base font-setting\">\n<p>Olay, ge\u00e7ti\u011fimiz hafta Esenyurt Selahattin Eyy\u00fcbi mahallesinde meydana geldi. Edinilen bilgiye g\u00f6re, Suriye uyruklu sa\u011f\u0131r ve dilsiz \u00e7ocu\u011fu internet kafede g\u00f6ren 2 \u015fah\u0131s, bo\u015f bir odaya g\u00f6t\u00fcrd\u00fc. Akran zorbal\u0131\u011f\u0131 yapan \u015fah\u0131slar \u00f6nce kablo ile \u00e7ocu\u011fu d\u00f6vd\u00fc, daha sonra pense ile kula\u011f\u0131n\u0131 kesmeye \u00e7al\u0131\u015ft\u0131. Dakikalarca s\u00fcren var i\u015fkenceyi de cep telefonu ile kay\u0131t alt\u0131na alan \u015fah\u0131slar videoyu \u00e7ocu\u011fun abisine g\u00f6nderdi.<\/p>\n<p><strong>Sosyal medyaya d\u00fc\u015fen g\u00f6r\u00fcnt\u00fcler kan dondurdu<\/strong><\/p>\n<p>\u00c7ocu\u011fun abisini de tehdit eden \u015fah\u0131slar \u201c\u015fikayet ederken sana da b\u00f6yle yapar\u0131z\u201d diye mesaj g\u00f6nderdi. Abi duruma sinirlenip durumu sosyal medyada payla\u015ft\u0131. Yay\u0131nlanan g\u00f6r\u00fcnt\u00fcler infiale yol a\u00e7t\u0131. G\u00f6r\u00fcnt\u00fclerin sonunda a\u011f\u0131r darbelere maruz kalan \u00e7ocu\u011fun a\u011fz\u0131ndan ve burnundan kan geldi\u011fi g\u00f6r\u00fcld\u00fc. Videoyu ihbar olarak de\u011ferlendiren Esenyurt Asayi\u015f Ekipleri k\u0131sa bir s\u00fcrede olaya kar\u0131\u015fan \u015fah\u0131slar\u0131 g\u00f6zalt\u0131na ald\u0131. \u0130fadeleri al\u0131nan \u015fah\u0131slar adliyeye sevk edildi.<\/p>\n<p><strong>KAYNAK : \u0130HA<\/strong><\/p>\n<p><img decoding=\"async\" class=\"m-auto d-block ls-is-cached lazyloaded\" src=\"https:\/\/cdn.iha.com.tr\/Contents\/25-01\/07\/aw365383_04.jpg\" alt=\"Sa\u011f\u0131r ve dilsiz \u00e7ocu\u011fa i\u015fkenceyi kameraya al\u0131p abisine g\u00f6nderdi\" width=\"600\" height=\"100%\" data-src=\"https:\/\/cdn.iha.com.tr\/Contents\/25-01\/07\/aw365383_04.jpg\" \/><\/p>\n<\/div>\n","protected":false},"excerpt":{"rendered":"<p>Esenyurt\u2019ta 14 ve 17 ya\u015flar\u0131nda 2 ki\u015fi, bir \u00e7ocu\u011fu internet kafede s\u0131k\u0131\u015ft\u0131rarak darp etti. Kan donduran g\u00f6r\u00fcnt\u00fcleri de kameraya al\u0131p \u00e7ocu\u011fun abisine yollayan \u015fah\u0131slar \u201c\u015fikayet\u00e7i olursan sana da b\u00f6yle yapar\u0131z\u201d dedi. Videonun sosyal medyada yay\u0131lmas\u0131 \u00fczerine harekete ge\u00e7en polis ekipleri olaya kar\u0131\u015ft\u0131\u011f\u0131 tespit edilen \u00e7ocuklar\u0131 g\u00f6zalt\u0131na ald\u0131. Olay, ge\u00e7ti\u011fimiz hafta Esenyurt Selahattin Eyy\u00fcbi mahallesinde meydana [&hellip;]<\/p>\n","protected":false},"author":1,"featured_media":2257,"comment_status":"closed","ping_status":"closed","sticky":false,"template":"","format":"standard","meta":{"footnotes":""},"categories":[39,38],"tags":[152,51,155,154,153],"class_list":["post-2256","post","type-post","status-publish","format-standard","has-post-thumbnail","hentry","category-haber","category-hukuk","tag-esenyurt","tag-gozalti","tag-iskence","tag-polis-cocuk","tag-sosyalmedya"],"_links":{"self":[{"href":"https:\/\/avukatimtv.com\/index.php\/wp-json\/wp\/v2\/posts\/2256","targetHints":{"allow":["GET"]}}],"collection":[{"href":"https:\/\/avukatimtv.com\/index.php\/wp-json\/wp\/v2\/posts"}],"about":[{"href":"https:\/\/avukatimtv.com\/index.php\/wp-json\/wp\/v2\/types\/post"}],"author":[{"embeddable":true,"href":"https:\/\/avukatimtv.com\/index.php\/wp-json\/wp\/v2\/users\/1"}],"replies":[{"embeddable":true,"href":"https:\/\/avukatimtv.com\/index.php\/wp-json\/wp\/v2\/comments?post=2256"}],"version-history":[{"count":1,"href":"https:\/\/avukatimtv.com\/index.php\/wp-json\/wp\/v2\/posts\/2256\/revisions"}],"predecessor-version":[{"id":2258,"href":"https:\/\/avukatimtv.com\/index.php\/wp-json\/wp\/v2\/posts\/2256\/revisions\/2258"}],"wp:featuredmedia":[{"embeddable":true,"href":"https:\/\/avukatimtv.com\/index.php\/wp-json\/wp\/v2\/media\/2257"}],"wp:attachment":[{"href":"https:\/\/avukatimtv.com\/index.php\/wp-json\/wp\/v2\/media?parent=2256"}],"wp:term":[{"taxonomy":"category","embeddable":true,"href":"https:\/\/avukatimtv.com\/index.php\/wp-json\/wp\/v2\/categories?post=2256"},{"taxonomy":"post_tag","embeddable":true,"href":"https:\/\/avukatimtv.com\/index.php\/wp-json\/wp\/v2\/tags?post=2256"}],"curies":[{"name":"wp","href":"https:\/\/api.w.org\/{rel}","templated":true}]}}