{"id":2264,"date":"2025-02-04T10:37:40","date_gmt":"2025-02-04T07:37:40","guid":{"rendered":"https:\/\/avukatimtv.com\/?p=2264"},"modified":"2025-02-04T10:37:40","modified_gmt":"2025-02-04T07:37:40","slug":"milli-boksor-cami-gorevlisini-yumruklayarak-felc-etti","status":"publish","type":"post","link":"https:\/\/avukatimtv.com\/index.php\/2025\/02\/04\/milli-boksor-cami-gorevlisini-yumruklayarak-felc-etti\/","title":{"rendered":"Milli Boks\u00f6r cami g\u00f6revlisini yumruklayarak fel\u00e7 etti"},"content":{"rendered":"<h2 class=\"mt10 haber_ozet\">\u0130stanbul Zeytinburnu&#8217;nda bir camide g\u00f6revli temizlik\u00e7i, milli boks\u00f6r Yavuz \u00d6zden taraf\u0131ndan a\u011f\u0131r bir \u015fekilde darp edildi. Sald\u0131r\u0131 sonucu y\u00fcz kemikleri k\u0131r\u0131lan g\u00f6revli, ge\u00e7irdi\u011fi ameliyat sonras\u0131 y\u00fcz felci ge\u00e7irdi. Sa\u011fl\u0131k durumu ciddiyetini koruyan ma\u011fdurun ailesi, adaletin yerini bulmas\u0131n\u0131 ve sald\u0131rgan\u0131n cezaland\u0131r\u0131lmas\u0131n\u0131 talep ediyor.<\/h2>\n<p>\u0130stanbul\u00a0Zeytinburnu&#8217;nda bir camide g\u00f6rev yapan temizlik \u00e7al\u0131\u015fan\u0131, milli boks\u00f6r Yavuz \u00d6zden taraf\u0131ndan darp edildi.<\/p>\n<h3>G\u00d6REVL\u0130N\u0130N A\u011eZINI BURNUNU KIRDI<\/h3>\n<p>\u0130ddiaya g\u00f6re, engelli tuvaletini kontrol etmek isteyen \u015fah\u0131s, kap\u0131y\u0131 tekmeleyerek i\u00e7eri girmek istedi. G\u00f6revli ise bu duruma m\u00fcdahale ederek \u015fahsa bu \u015fekilde kontrol yap\u0131lamayaca\u011f\u0131n\u0131, \u015fikayetlerin belediyeye iletilmesi gerekti\u011fini s\u00f6yledi. Aralar\u0131nda \u00e7\u0131kan tart\u0131\u015fma sonras\u0131 olay kapanm\u0131\u015f gibi g\u00f6r\u00fcnse de ak\u015fam namaz\u0131n\u0131n ard\u0131ndan camiden \u00e7\u0131kan g\u00f6revliye sald\u0131r\u0131 ger\u00e7ekle\u015fti.<\/p>\n<div id=\"inpage_desktop\"><\/div>\n<h3>Y\u00dcZ FELC\u0130 GE\u00c7\u0130RD\u0130<\/h3>\n<p>Milli boks\u00f6r, cami g\u00f6revlisini darp ederek y\u00fcz kemiklerini k\u0131rd\u0131. G\u00f6revli, yap\u0131lan ameliyat sonras\u0131 y\u00fcz felci ge\u00e7irdi ve sa\u011fl\u0131k durumu ciddiyetini koruyor. Temizlik g\u00f6revlisinin ailesi adaletin yerini bulmas\u0131n\u0131 \u015fahs\u0131n cezaland\u0131r\u0131lmas\u0131n\u0131 istiyor.<\/p>\n<p><img decoding=\"async\" src=\"https:\/\/foto.sondakika.com\/haber\/2025\/02\/04\/milli-boksor-cami-gorevlisine-yumruk-yagdirdi-18333121_7715_amp.jpg\" alt=\"Milli Boks\u00f6r cami g\u00f6revlisini yumruklayarak fel\u00e7 etti\" \/><\/p>\n<p><strong>KAYNAK : SONDAK\u0130KA<\/strong><\/p>\n","protected":false},"excerpt":{"rendered":"<p>\u0130stanbul Zeytinburnu&#8217;nda bir camide g\u00f6revli temizlik\u00e7i, milli boks\u00f6r Yavuz \u00d6zden taraf\u0131ndan a\u011f\u0131r bir \u015fekilde darp edildi. Sald\u0131r\u0131 sonucu y\u00fcz kemikleri k\u0131r\u0131lan g\u00f6revli, ge\u00e7irdi\u011fi ameliyat sonras\u0131 y\u00fcz felci ge\u00e7irdi. Sa\u011fl\u0131k durumu ciddiyetini koruyan ma\u011fdurun ailesi, adaletin yerini bulmas\u0131n\u0131 ve sald\u0131rgan\u0131n cezaland\u0131r\u0131lmas\u0131n\u0131 talep ediyor. \u0130stanbul\u00a0Zeytinburnu&#8217;nda bir camide g\u00f6rev yapan temizlik \u00e7al\u0131\u015fan\u0131, milli boks\u00f6r Yavuz \u00d6zden taraf\u0131ndan darp [&hellip;]<\/p>\n","protected":false},"author":1,"featured_media":2265,"comment_status":"closed","ping_status":"closed","sticky":false,"template":"","format":"standard","meta":{"footnotes":""},"categories":[7,39],"tags":[162,161,163,47,103,69,160],"class_list":["post-2264","post","type-post","status-publish","format-standard","has-post-thumbnail","hentry","category-gundem","category-haber","tag-boksor","tag-cami","tag-darp","tag-haber","tag-hastane","tag-istanbul","tag-zeytinburnu"],"_links":{"self":[{"href":"https:\/\/avukatimtv.com\/index.php\/wp-json\/wp\/v2\/posts\/2264","targetHints":{"allow":["GET"]}}],"collection":[{"href":"https:\/\/avukatimtv.com\/index.php\/wp-json\/wp\/v2\/posts"}],"about":[{"href":"https:\/\/avukatimtv.com\/index.php\/wp-json\/wp\/v2\/types\/post"}],"author":[{"embeddable":true,"href":"https:\/\/avukatimtv.com\/index.php\/wp-json\/wp\/v2\/users\/1"}],"replies":[{"embeddable":true,"href":"https:\/\/avukatimtv.com\/index.php\/wp-json\/wp\/v2\/comments?post=2264"}],"version-history":[{"count":1,"href":"https:\/\/avukatimtv.com\/index.php\/wp-json\/wp\/v2\/posts\/2264\/revisions"}],"predecessor-version":[{"id":2266,"href":"https:\/\/avukatimtv.com\/index.php\/wp-json\/wp\/v2\/posts\/2264\/revisions\/2266"}],"wp:featuredmedia":[{"embeddable":true,"href":"https:\/\/avukatimtv.com\/index.php\/wp-json\/wp\/v2\/media\/2265"}],"wp:attachment":[{"href":"https:\/\/avukatimtv.com\/index.php\/wp-json\/wp\/v2\/media?parent=2264"}],"wp:term":[{"taxonomy":"category","embeddable":true,"href":"https:\/\/avukatimtv.com\/index.php\/wp-json\/wp\/v2\/categories?post=2264"},{"taxonomy":"post_tag","embeddable":true,"href":"https:\/\/avukatimtv.com\/index.php\/wp-json\/wp\/v2\/tags?post=2264"}],"curies":[{"name":"wp","href":"https:\/\/api.w.org\/{rel}","templated":true}]}}