{"id":2267,"date":"2025-02-04T11:21:28","date_gmt":"2025-02-04T08:21:28","guid":{"rendered":"https:\/\/avukatimtv.com\/?p=2267"},"modified":"2025-02-04T11:21:28","modified_gmt":"2025-02-04T08:21:28","slug":"katil-de-maktul-de-16-yasinda-defalarca-bicaklayarak-oldurdu","status":"publish","type":"post","link":"https:\/\/avukatimtv.com\/index.php\/2025\/02\/04\/katil-de-maktul-de-16-yasinda-defalarca-bicaklayarak-oldurdu\/","title":{"rendered":"Katil de maktul de 16 ya\u015f\u0131nda! Defalarca b\u0131\u00e7aklayarak \u00f6ld\u00fcrd\u00fc"},"content":{"rendered":"<h2 class=\"mt10 haber_ozet\">Arnavutk\u00f6y&#8217;de aralar\u0131nda \u00f6nceden tart\u0131\u015fma ya\u015fanan 16 ya\u015f\u0131ndaki iki \u00e7ocuk mahallede \u00e7ay\u0131rl\u0131k bir alanda bulu\u015fup konu\u015fmak istedi. Aralar\u0131nda \u00e7\u0131kan tart\u0131\u015fman\u0131n k\u0131sa s\u00fcrede kavgaya d\u00f6n\u00fc\u015fmesi \u00fczerine \u00e7ocuklardan biri cebinden \u00e7\u0131kard\u0131\u011f\u0131 b\u0131\u00e7akla di\u011fer \u00e7ocu\u011fa sald\u0131rd\u0131. 5 yerinden b\u0131\u00e7aklanan \u00e7ocuk kald\u0131r\u0131ld\u0131\u011f\u0131 hastanede hayat\u0131n\u0131 kaybetti.<\/h2>\n<p>\u0130stanbul&#8217;un\u00a0Arnavutk\u00f6y\u00a0il\u00e7esine ba\u011fl\u0131 Mara\u015fal\u00a0Fevzi \u00c7akmak Mahallesi&#8217;nde 2 \u015eubat saat 21.30 s\u0131ralar\u0131nda deh\u015fet ya\u015fand\u0131. \u0130ddialara g\u00f6re, daha \u00f6nceden aralar\u0131nda tart\u0131\u015fma ya\u015fanan iki arkada\u015f mahallede bulunan bir \u00e7ay\u0131rl\u0131k alanda bulu\u015farak konu\u015fmak istedi.<\/p>\n<h3>ARKADA\u015eINI DEFALARCA BI\u00c7AKLAYARAK \u00d6LD\u00dcRD\u00dc<\/h3>\n<p>Yasin Bozuklu (16), karde\u015fi B.B. (14) ile bulu\u015fma noktas\u0131na giderek, daha \u00f6nce tart\u0131\u015fma ya\u015fad\u0131\u011f\u0131 Yakup K. (16) ile bulu\u015ftu. Gen\u00e7ler aras\u0131nda ba\u015flayan tart\u0131\u015fma k\u0131sa s\u00fcrede kavgaya d\u00f6n\u00fc\u015ft\u00fc. Kavgada cebindeki b\u0131\u00e7a\u011f\u0131 \u00e7\u0131kartan Yakup K. arkada\u015f\u0131 Yasin Bozuklu&#8217;yu 5 yerinden b\u0131\u00e7aklad\u0131. A\u011f\u0131r yaral\u0131 \u015fekilde yer y\u0131\u011f\u0131lan \u00e7ocuk olay yerine gelen sa\u011fl\u0131k ekiplerinin ilk m\u00fcdahalesinin ard\u0131ndan hastaneye kald\u0131r\u0131ld\u0131. Hastanede yap\u0131lan t\u00fcm m\u00fcdahalelere ra\u011fmen kurtar\u0131lamayan \u00e7ocuk hayat\u0131n\u0131 kaybetti.<\/p>\n<h3>G\u00d6ZALTINA ALINDI<\/h3>\n<p>Katil zanl\u0131s\u0131 Yakup K. ise Arnavutk\u00f6y \u0130l\u00e7e Emniyet M\u00fcd\u00fcrl\u00fc\u011f\u00fc\u00a0\u00c7ocuk\u00a0B\u00fcro ekiplerince yakalanarak g\u00f6zalt\u0131na al\u0131nd\u0131.<\/p>\n<h3>DAHA \u00d6NCE DE KAVGA ETT\u0130LER<\/h3>\n<p>Edinilen bilgilere g\u00f6re, iki arkada\u015f\u0131n daha \u00f6nceden de kavga etti\u011fi, \u00e7\u0131kan kavgan\u0131n vatanda\u015flar taraf\u0131ndan ayr\u0131ld\u0131\u011f\u0131 ve sosyal medya platformlar\u0131 \u00fczerinden birbirlerine k\u00fcf\u00fcr ve hakaret ettikleri de \u00f6\u011frenildi.<\/p>\n<p><strong>KAYNAK : \u0130HA\u00a0<\/strong><\/p>\n","protected":false},"excerpt":{"rendered":"<p>Arnavutk\u00f6y&#8217;de aralar\u0131nda \u00f6nceden tart\u0131\u015fma ya\u015fanan 16 ya\u015f\u0131ndaki iki \u00e7ocuk mahallede \u00e7ay\u0131rl\u0131k bir alanda bulu\u015fup konu\u015fmak istedi. Aralar\u0131nda \u00e7\u0131kan tart\u0131\u015fman\u0131n k\u0131sa s\u00fcrede kavgaya d\u00f6n\u00fc\u015fmesi \u00fczerine \u00e7ocuklardan biri cebinden \u00e7\u0131kard\u0131\u011f\u0131 b\u0131\u00e7akla di\u011fer \u00e7ocu\u011fa sald\u0131rd\u0131. 5 yerinden b\u0131\u00e7aklanan \u00e7ocuk kald\u0131r\u0131ld\u0131\u011f\u0131 hastanede hayat\u0131n\u0131 kaybetti. \u0130stanbul&#8217;un\u00a0Arnavutk\u00f6y\u00a0il\u00e7esine ba\u011fl\u0131 Mara\u015fal\u00a0Fevzi \u00c7akmak Mahallesi&#8217;nde 2 \u015eubat saat 21.30 s\u0131ralar\u0131nda deh\u015fet ya\u015fand\u0131. \u0130ddialara g\u00f6re, daha [&hellip;]<\/p>\n","protected":false},"author":1,"featured_media":2268,"comment_status":"closed","ping_status":"closed","sticky":false,"template":"","format":"standard","meta":{"footnotes":""},"categories":[7,39,38],"tags":[165,164,166,69,98],"class_list":["post-2267","post","type-post","status-publish","format-standard","has-post-thumbnail","hentry","category-gundem","category-haber","category-hukuk","tag-arnavutkoy","tag-cocuk","tag-fevzicakmakmahallesi","tag-istanbul","tag-tartisma"],"_links":{"self":[{"href":"https:\/\/avukatimtv.com\/index.php\/wp-json\/wp\/v2\/posts\/2267","targetHints":{"allow":["GET"]}}],"collection":[{"href":"https:\/\/avukatimtv.com\/index.php\/wp-json\/wp\/v2\/posts"}],"about":[{"href":"https:\/\/avukatimtv.com\/index.php\/wp-json\/wp\/v2\/types\/post"}],"author":[{"embeddable":true,"href":"https:\/\/avukatimtv.com\/index.php\/wp-json\/wp\/v2\/users\/1"}],"replies":[{"embeddable":true,"href":"https:\/\/avukatimtv.com\/index.php\/wp-json\/wp\/v2\/comments?post=2267"}],"version-history":[{"count":1,"href":"https:\/\/avukatimtv.com\/index.php\/wp-json\/wp\/v2\/posts\/2267\/revisions"}],"predecessor-version":[{"id":2269,"href":"https:\/\/avukatimtv.com\/index.php\/wp-json\/wp\/v2\/posts\/2267\/revisions\/2269"}],"wp:featuredmedia":[{"embeddable":true,"href":"https:\/\/avukatimtv.com\/index.php\/wp-json\/wp\/v2\/media\/2268"}],"wp:attachment":[{"href":"https:\/\/avukatimtv.com\/index.php\/wp-json\/wp\/v2\/media?parent=2267"}],"wp:term":[{"taxonomy":"category","embeddable":true,"href":"https:\/\/avukatimtv.com\/index.php\/wp-json\/wp\/v2\/categories?post=2267"},{"taxonomy":"post_tag","embeddable":true,"href":"https:\/\/avukatimtv.com\/index.php\/wp-json\/wp\/v2\/tags?post=2267"}],"curies":[{"name":"wp","href":"https:\/\/api.w.org\/{rel}","templated":true}]}}