{"id":2270,"date":"2025-02-04T11:50:27","date_gmt":"2025-02-04T08:50:27","guid":{"rendered":"https:\/\/avukatimtv.com\/?p=2270"},"modified":"2025-02-04T11:50:27","modified_gmt":"2025-02-04T08:50:27","slug":"tegmenlerin-ihrac-kararinin-gerekcesi-ortaya-cikti","status":"publish","type":"post","link":"https:\/\/avukatimtv.com\/index.php\/2025\/02\/04\/tegmenlerin-ihrac-kararinin-gerekcesi-ortaya-cikti\/","title":{"rendered":"Te\u011fmenlerin ihra\u00e7 karar\u0131n\u0131n gerek\u00e7esi ortaya \u00e7\u0131kt\u0131"},"content":{"rendered":"<h2 class=\"mt10 haber_ozet\">TSK&#8217;dan ihra\u00e7 edilen 5 te\u011fmene Y\u00fcksek Disiplin Kurulu karar\u0131n\u0131n gerek\u00e7esi tebli\u011f edildi. Oy \u00e7oklu\u011fuyla al\u0131nan kararda, te\u011fmenlerin, TSK&#8217;y\u0131 tart\u0131\u015f\u0131l\u0131r hale getirerek, &#8220;toplumda ayr\u0131\u015fmaya sebep olduklar\u0131&#8221; ve ordunun vatan millet Atat\u00fcrk&#8217;e olan sevgisinden hi\u00e7 \u015f\u00fcphe duymayan millet nezdinde y\u0131pranmas\u0131na neden olduklar\u0131 belirtildi. Karar metninde yer alan Ebru Ero\u011flu detay\u0131 da dikkat \u00e7ekti.<\/h2>\n<p>30 A\u011fustos 2024&#8217;teki\u00a0Kara Harp Okulu\u00a0resmi mezuniyet t\u00f6reni sonras\u0131nda te\u011fmenlerin k\u0131l\u0131\u00e7 \u00e7atarak, &#8220;Mustafa Kemal&#8217;in askerleriyiz&#8221; slogan\u0131 atmas\u0131n\u0131n ard\u0131ndan ba\u015flat\u0131lan disiplin soru\u015fturmas\u0131nda be\u015f te\u011fmen, &#8220;T\u00fcrk Silahl\u0131 Kuvvetleri&#8217;nden ay\u0131rma&#8221; cezas\u0131 istemiyle Y\u00fcksek Disiplin Kurulu&#8217;na sevk edilmi\u015fti.\u00a0Kara Kuvvetleri Komutanl\u0131\u011f\u0131\u00a0Y\u00fcksek Disiplin Kurulunun be\u015f te\u011fmen i\u00e7in verdi\u011fi, &#8220;Silahl\u0131 Kuvvetlerden ay\u0131rma cezas\u0131&#8221;n\u0131n gerek\u00e7esi, te\u011fmenlere yaz\u0131l\u0131 olarak tebli\u011f edildi.<\/p>\n<div id=\"inpage_desktop\"><\/div>\n<h3>&#8220;TSK M\u0130LLET NEZD\u0130NDE ZEDELEND\u0130&#8221;<\/h3>\n<p>47 sayfal\u0131k gerek\u00e7ede, te\u011fmenlerin, yemine ili\u015fkin metnin okunmas\u0131n\u0131 daha \u00f6nceden planland\u0131\u011f\u0131n\u0131n anla\u015f\u0131ld\u0131\u011f\u0131, disiplin amirleri taraf\u0131ndan talep reddedilmesine ra\u011fmen, t\u00f6ren sonras\u0131 dahi olsa emirlerin hilaf\u0131nda, T\u00fcrk Silahl\u0131 Kuvvetlerinin itibar\u0131n\u0131n millet nezdinde zedelendi\u011fi ifade edildi. Te\u011fmenlerin eylemleri bir b\u00fct\u00fcn olarak de\u011ferlendirildi\u011finde, toplumda ayr\u0131\u015fma yaratan bir sonuca neden oldu\u011fu ifade edilen gerek\u00e7ede, Ebru Ero\u011flu&#8217;nun, and\u0131n de\u011fi\u015ftirilmesine y\u00f6nelik d\u00fczenlemeyi protesto etmek y\u00f6n\u00fcnde planlama yaparak, y\u00f6nergeden kald\u0131r\u0131lan and\u0131n okunmas\u0131nda \u00f6nc\u00fc rol oynad\u0131\u011f\u0131 aktar\u0131ld\u0131.<\/p>\n<h3>&#8220;S\u00d6Z\u00dcN DE\u011eER\u0130N\u0130 AZALTAN B\u0130R DAVRANI\u015e&#8221;<\/h3>\n<p>Gerek\u00e7ede, \u015funlar kaydedildi; &#8220;Somut olay\u0131n her biri tek tek de\u011ferlendirildi\u011finde\u00a0TSK\u00a0ve Harp Okullar\u0131&#8217;n\u0131n temel de\u011ferlerine ili\u015fkin olan fiillerin t\u00f6ren g\u00fcn\u00fcden daha \u00f6nceki g\u00fcnlerden ba\u015flayan s\u00fcre\u00e7 ve olay\u0131n olu\u015f \u015feklinin toplumda kar\u015f\u0131tl\u0131k hissi olu\u015fturabilecek, Subay And\u0131 olarak bilinen ve y\u00f6nergeden kald\u0131r\u0131lan and\u0131n i\u00e7eri\u011findeki de\u011ferlerin d\u0131\u015fland\u0131\u011f\u0131na dair alg\u0131 yaratacak ve sonu\u00e7 olarak TSK&#8217;n\u0131n tart\u0131\u015f\u0131lmas\u0131na neden olabilecek protest bir davran\u0131\u015f disiplinsizlik olarak kabul edilecektir.\u00a0Mustafa Kemal Atat\u00fcrk&#8217;e ba\u011fl\u0131l\u0131\u011f\u0131 ifade eden &#8216;Mustafa Kemal&#8217;in askerleriyiz&#8217; s\u00f6z\u00fcn\u00fc amac\u0131 d\u0131\u015f\u0131nda ve kar\u015f\u0131tl\u0131k i\u00e7eren protest bir eylemde kullanmak disiplinsizlik olaca\u011f\u0131 gibi s\u00f6z\u00fcn de\u011ferini de azaltan bir davran\u0131\u015f olacakt\u0131r.<\/p>\n<p>B\u00f6ylelikle eylemler, TSK&#8217;y\u0131 tart\u0131\u015f\u0131l\u0131r hale getirerek, toplumda ayr\u0131\u015fmalara sebep olmu\u015f ve ordunun vatan millet Atat\u00fcrk&#8217;e olan sevgisinden hi\u00e7 \u015f\u00fcphe duymayan millet nezdinde y\u0131pranmas\u0131na neden olmu\u015ftur. S\u00f6z konusu eylem toplumda asker yemininden vazge\u00e7ilmi\u015f gibi TSK&#8217;ya olan g\u00fcveni sarsar bir kanaat olu\u015fmas\u0131na sebep olmu\u015ftur. Askeri t\u00f6ren alan\u0131nda program d\u0131\u015f\u0131 izinsiz olarak icra edilen fiilin askeri hizmete de olan olumsuz etkisi disiplinsizli\u011fin i\u015flendi\u011fi yer ve sonu\u00e7lar\u0131n\u0131n TSK&#8217;ya menfi etkileri ile personelin eylem b\u00fct\u00fcnl\u00fc\u011f\u00fc i\u00e7inde de\u011ferlendirildi\u011finde devletin ve TSK&#8217;n\u0131n itibar\u0131na zarar verecek nitelikte a\u011f\u0131r disiplinsizlik te\u015fkil eden bir eylem oldu\u011fu dikkate al\u0131narak 6413 say\u0131l\u0131 TSK Disiplin Kanununun 20\/1. Maddesinin c f\u0131kras\u0131 gere\u011fince &#8220;hizmete engel davran\u0131\u015fta bulunmak&#8221; disiplinsizli\u011fini olu\u015fturdu\u011fu kanaatine var\u0131lm\u0131\u015ft\u0131r&#8221;<\/p>\n<h3>4 \u00dcYE KAR\u015eI OY GEREK\u00c7ES\u0130 YAZDI<\/h3>\n<p>Y\u00fcksek Disiplin Kurulunun 5 \u00fcyesinin oy\u00e7oklu\u011fuyla al\u0131nan karara 4 \u00fcye kar\u015f\u0131 oy gerek\u00e7esi yazd\u0131. Kar\u015f\u0131 oy gerek\u00e7esinde, 30 A\u011fustos resmi t\u00f6reninde de y\u00fcr\u00fcrl\u00fckteki y\u00f6nergede yer alan and\u0131n okundu\u011fu, resmi t\u00f6ren bitiminde s\u00f6z konusu and\u0131n okunmayaca\u011f\u0131 y\u00f6n\u00fcnde malum ve muayyen hale getirilmi\u015f hizmete ili\u015fkin bir emrin bulunmad\u0131\u011f\u0131 belirtildi. Resmi t\u00f6renin bitiminde s\u00f6ylenen &#8220;Mustafa Kemal&#8217;in askerleriyiz&#8221; s\u00f6ylemi ile okunan and\u0131n i\u00e7eri\u011finin, Anayasa&#8217;n\u0131n 2. maddesi ile Harp Okullar\u0131 Kanunu&#8217;nun maddeleri dikkate al\u0131nd\u0131\u011f\u0131nda hukuka ayk\u0131r\u0131l\u0131k te\u015fkil etmedi\u011fi aktar\u0131lan kar\u015f\u0131 oy yaz\u0131s\u0131nda, &#8220;bir \u00f6nceki gece yap\u0131lan kutlamada bir k\u0131s\u0131m Harbiyelilerce s\u00f6z konusu and\u0131n plans\u0131z \u015fekilde de olsa okunmas\u0131 hususu birlikte ele al\u0131n\u0131p de\u011ferlendirildi\u011finde, personelin eyleminin Devletin ve TSK&#8217;n\u0131n itibar\u0131na zarar verecek nitelikte tutum ve davran\u0131\u015f veya a\u011f\u0131r su\u00e7 veya disiplinsizlik te\u015fkil eden fiil olarak kabul edilemeyece\u011fi ve buna ba\u011fl\u0131 olarak Silahl\u0131 Kuvvetlerden ay\u0131rma cezas\u0131n\u0131 gerektirir &#8216;Hizmete engel davran\u0131\u015flarda bulunmak&#8217; disiplinsizli\u011fini de olu\u015fturmayaca\u011f\u0131&#8221; g\u00f6r\u00fc\u015f\u00fcne yer verildi.<\/p>\n<p>Kar\u015f\u0131 oy yazas\u0131nda, &#8220;Aksi y\u00f6ndeki kabul\u00fcn orant\u0131l\u0131l\u0131k, gereklilik ve elveri\u015flilik alt ilkelerini i\u00e7eren &#8216;\u00f6l\u00e7\u00fcl\u00fcl\u00fck&#8217; ilkesine uygun olamayaca\u011f\u0131 gibi hakkaniyete de uygun d\u00fc\u015fmeyece\u011fi, bu nedenle personel hakk\u0131nda Silahl\u0131 Kuvvetlerden ay\u0131rma cezas\u0131 verilmesine yer olmad\u0131\u011f\u0131na karar verilmesi gerekti\u011fi vicdani kaanatinde oldu\u011fumuzdan aksi y\u00f6ndeki say\u0131n \u00e7o\u011funlu\u011fun g\u00f6r\u00fc\u015f\u00fcne kat\u0131lmad\u0131k&#8221; denildi.<\/p>\n<p><strong>KAYNAK : ANKA<\/strong><\/p>\n","protected":false},"excerpt":{"rendered":"<p>TSK&#8217;dan ihra\u00e7 edilen 5 te\u011fmene Y\u00fcksek Disiplin Kurulu karar\u0131n\u0131n gerek\u00e7esi tebli\u011f edildi. Oy \u00e7oklu\u011fuyla al\u0131nan kararda, te\u011fmenlerin, TSK&#8217;y\u0131 tart\u0131\u015f\u0131l\u0131r hale getirerek, &#8220;toplumda ayr\u0131\u015fmaya sebep olduklar\u0131&#8221; ve ordunun vatan millet Atat\u00fcrk&#8217;e olan sevgisinden hi\u00e7 \u015f\u00fcphe duymayan millet nezdinde y\u0131pranmas\u0131na neden olduklar\u0131 belirtildi. Karar metninde yer alan Ebru Ero\u011flu detay\u0131 da dikkat \u00e7ekti. 30 A\u011fustos 2024&#8217;teki\u00a0Kara Harp [&hellip;]<\/p>\n","protected":false},"author":1,"featured_media":2271,"comment_status":"closed","ping_status":"closed","sticky":false,"template":"","format":"standard","meta":{"footnotes":""},"categories":[7,39,38],"tags":[170,169,168,171,167,172],"class_list":["post-2270","post","type-post","status-publish","format-standard","has-post-thumbnail","hentry","category-gundem","category-haber","category-hukuk","tag-karaharpokulu","tag-karakuvvetlerikomutanligi","tag-mustafakemalataturk","tag-tegmen","tag-tsk","tag-yuksekdisiplinkurulu"],"_links":{"self":[{"href":"https:\/\/avukatimtv.com\/index.php\/wp-json\/wp\/v2\/posts\/2270","targetHints":{"allow":["GET"]}}],"collection":[{"href":"https:\/\/avukatimtv.com\/index.php\/wp-json\/wp\/v2\/posts"}],"about":[{"href":"https:\/\/avukatimtv.com\/index.php\/wp-json\/wp\/v2\/types\/post"}],"author":[{"embeddable":true,"href":"https:\/\/avukatimtv.com\/index.php\/wp-json\/wp\/v2\/users\/1"}],"replies":[{"embeddable":true,"href":"https:\/\/avukatimtv.com\/index.php\/wp-json\/wp\/v2\/comments?post=2270"}],"version-history":[{"count":1,"href":"https:\/\/avukatimtv.com\/index.php\/wp-json\/wp\/v2\/posts\/2270\/revisions"}],"predecessor-version":[{"id":2272,"href":"https:\/\/avukatimtv.com\/index.php\/wp-json\/wp\/v2\/posts\/2270\/revisions\/2272"}],"wp:featuredmedia":[{"embeddable":true,"href":"https:\/\/avukatimtv.com\/index.php\/wp-json\/wp\/v2\/media\/2271"}],"wp:attachment":[{"href":"https:\/\/avukatimtv.com\/index.php\/wp-json\/wp\/v2\/media?parent=2270"}],"wp:term":[{"taxonomy":"category","embeddable":true,"href":"https:\/\/avukatimtv.com\/index.php\/wp-json\/wp\/v2\/categories?post=2270"},{"taxonomy":"post_tag","embeddable":true,"href":"https:\/\/avukatimtv.com\/index.php\/wp-json\/wp\/v2\/tags?post=2270"}],"curies":[{"name":"wp","href":"https:\/\/api.w.org\/{rel}","templated":true}]}}