{"id":2273,"date":"2025-02-04T12:42:09","date_gmt":"2025-02-04T09:42:09","guid":{"rendered":"https:\/\/avukatimtv.com\/?p=2273"},"modified":"2025-02-04T12:42:09","modified_gmt":"2025-02-04T09:42:09","slug":"kuyumcudan-3-kilo-altin-calan-hirsiz-2-gundur-avm-icinde-araniyor","status":"publish","type":"post","link":"https:\/\/avukatimtv.com\/index.php\/2025\/02\/04\/kuyumcudan-3-kilo-altin-calan-hirsiz-2-gundur-avm-icinde-araniyor\/","title":{"rendered":"Kuyumcudan 3 kilo alt\u0131n \u00e7alan h\u0131rs\u0131z 2 g\u00fcnd\u00fcr AVM i\u00e7inde aran\u0131yor"},"content":{"rendered":"<h2 class=\"mt10 haber_ozet\">Adana&#8217;da 2 g\u00fcn \u00f6nce AVM i\u00e7indeki bir kuyumcu d\u00fckkan\u0131ndan 3 kilo alt\u0131n ile 100 bin TL \u00e7alan \u015f\u00fcpheli polis ekipleri taraf\u0131ndan her yerde aran\u0131yor. \u015e\u00fcphelinin hala AVM&#8217;de sakland\u0131\u011f\u0131 ihtimalini de\u011ferlendiren ekipler seslerin geldi\u011fi havaland\u0131rma bo\u015fluklar\u0131nda arama-kurtarma k\u00f6pe\u011fiyle arama yapt\u0131.<\/h2>\n<p>Adana&#8217;da 2 g\u00fcn \u00f6nce kapal\u0131 olan al\u0131\u015fveri\u015f merkezindeki kuyumcu d\u00fckkan\u0131ndan 3 kilo alt\u0131n ile 100 bin lira \u00e7alan \u015f\u00fcpheli aran\u0131yor. \u015e\u00fcphelinin hala al\u0131\u015fveri\u015f merkezinde saklan\u0131yor olabilme ihtimalini de\u011ferlendiren polis ve kurtarma ekipleri, havaland\u0131rma bo\u015fluklar\u0131nda arama-kurtarma k\u00f6pe\u011fiyle arama yapt\u0131.<\/p>\n<h3>OLAY\u00a0<i>YER\u0130NE\u00a0<\/i>POL\u0130S EK\u0130PLER\u0130 SEVK ED\u0130LD\u0130<\/h3>\n<p>Olay, 2 \u015eubat gecesi Y\u00fcre\u011fir il\u00e7esi\u00a0Sinanpa\u015fa\u00a0Mahallesi&#8217;ndeki bir al\u0131\u015fveri\u015f merkezinde meydana geldi. Kuyumcu d\u00fckkan\u0131n\u0131n alarm\u0131n\u0131n \u00e7ald\u0131\u011f\u0131n\u0131 fark eden \u00f6zel g\u00fcvenlik g\u00f6revlileri, kepengi kapal\u0131 olan i\u015f yerinin i\u00e7erisinde bir ki\u015finin oldu\u011funu g\u00f6rd\u00fc.\u00a0G\u00fcvenlik\u00a0g\u00f6revlilerinin ihbar\u0131 \u00fczerine olay yerine polis ekipleri sevk edildi.<img decoding=\"async\" src=\"https:\/\/foto.sondakika.com\/haber\/2025\/02\/04\/kuyumcudan-3-kilo-altin-calan-hirsiz-2-gundur-avm-18333858_1124_m.jpg\" alt=\"Kuyumcudan 3 kilo alt\u0131n \u00e7alan h\u0131rs\u0131z 2 g\u00fcnd\u00fcr AVM i\u00e7inde aran\u0131yor\" \/><\/p>\n<h3>\u0130\u015e YERLER\u0130N\u0130 TEK TEK A\u00c7TIRIP \u0130\u00c7ER\u0130 BAKTILAR<\/h3>\n<p>Al\u0131\u015fveri\u015f\u00a0merkezindeki di\u011fer ma\u011fazalar\u0131n g\u00f6revlilerine de haber veren ekipler, tek tek a\u00e7t\u0131rd\u0131klar\u0131 i\u015f yerlerinde kimli\u011fi belirsiz \u015f\u00fcpheliyi arad\u0131. Yap\u0131lan incelemede \u015f\u00fcphelinin, kuyumcu d\u00fckkan\u0131ndaki 3 kilogram alt\u0131n ile 100 bin liray\u0131 \u00e7ald\u0131\u011f\u0131 belirlendi. Ma\u011faza g\u00f6revlileri ve polisin al\u0131\u015fveri\u015f merkezinde yapt\u0131\u011f\u0131 aramaya ra\u011fmen \u015f\u00fcpheli bulunamad\u0131. G\u00fcvenlik kameras\u0131ndan e\u015fkali belirlenen \u015f\u00fcpheliyi arama \u00e7al\u0131\u015fmalar\u0131 s\u00fcr\u00fcyor.<\/p>\n<h3>SESLER GEL\u0130NCE HAVALANDIRMA BO\u015eLU\u011eUNU ARADILAR<\/h3>\n<p>Havaland\u0131rma bo\u015flu\u011fundan sesler gelmesi \u00fczerine \u015f\u00fcphelinin hala al\u0131\u015fveri\u015f merkezinde saklanabilece\u011fi ihtimalini de\u011ferlendiren polis, bo\u015fluklarda ve ma\u011fazalar\u0131n aras\u0131ndaki vatanda\u015flar\u0131n kullanmad\u0131\u011f\u0131 koridorlarda geni\u015f kapsaml\u0131 arama yapt\u0131. Destek istenen\u00a0AFAD\u00a0ekipleri de termal cihazlarla tarama yapt\u0131 ama bir ize ula\u015f\u0131lamad\u0131.<\/p>\n<h3>ASMA TAVAN S\u00d6K\u00dcL\u00dcP ARAMA YAPILDI<\/h3>\n<p>Gece saatlerinde ise arama-kurtarma k\u00f6pe\u011fiyle \u00e7al\u0131\u015fma yap\u0131ld\u0131. B\u00f6lgeyi ablukaya alan polis ekipleri, di\u011fer yandan \u00e7evredeki y\u00fczlerce g\u00fcvenlik kameras\u0131 g\u00f6r\u00fcnt\u00fclerini de incelemeye ald\u0131. M\u00fc\u015fteri giri\u015f-\u00e7\u0131k\u0131\u015flar\u0131n\u0131n devam etti\u011fi al\u0131\u015fveri\u015f merkezinde baz\u0131 ki\u015filerin tavandan ses duymas\u0131 \u00fczerine asma tavan\u0131n s\u00f6k\u00fcl\u00fcp merdiven dayanarak g\u00f6revliler taraf\u0131ndan arama yap\u0131lmas\u0131 kameralara yans\u0131d\u0131.<\/p>\n<p><strong>KAYNAK : DHA<\/strong><\/p>\n","protected":false},"excerpt":{"rendered":"<p>Adana&#8217;da 2 g\u00fcn \u00f6nce AVM i\u00e7indeki bir kuyumcu d\u00fckkan\u0131ndan 3 kilo alt\u0131n ile 100 bin TL \u00e7alan \u015f\u00fcpheli polis ekipleri taraf\u0131ndan her yerde aran\u0131yor. \u015e\u00fcphelinin hala AVM&#8217;de sakland\u0131\u011f\u0131 ihtimalini de\u011ferlendiren ekipler seslerin geldi\u011fi havaland\u0131rma bo\u015fluklar\u0131nda arama-kurtarma k\u00f6pe\u011fiyle arama yapt\u0131. Adana&#8217;da 2 g\u00fcn \u00f6nce kapal\u0131 olan al\u0131\u015fveri\u015f merkezindeki kuyumcu d\u00fckkan\u0131ndan 3 kilo alt\u0131n ile 100 bin [&hellip;]<\/p>\n","protected":false},"author":1,"featured_media":2274,"comment_status":"closed","ping_status":"closed","sticky":false,"template":"","format":"standard","meta":{"footnotes":""},"categories":[7,39],"tags":[128,173,174,178,177,175,93,138,49,176],"class_list":["post-2273","post","type-post","status-publish","format-standard","has-post-thumbnail","hentry","category-gundem","category-haber","tag-adana","tag-afad","tag-alisveris","tag-altin","tag-avm","tag-guvenlik","tag-hirsiz","tag-olayyeri","tag-polis","tag-sinanpasa"],"_links":{"self":[{"href":"https:\/\/avukatimtv.com\/index.php\/wp-json\/wp\/v2\/posts\/2273","targetHints":{"allow":["GET"]}}],"collection":[{"href":"https:\/\/avukatimtv.com\/index.php\/wp-json\/wp\/v2\/posts"}],"about":[{"href":"https:\/\/avukatimtv.com\/index.php\/wp-json\/wp\/v2\/types\/post"}],"author":[{"embeddable":true,"href":"https:\/\/avukatimtv.com\/index.php\/wp-json\/wp\/v2\/users\/1"}],"replies":[{"embeddable":true,"href":"https:\/\/avukatimtv.com\/index.php\/wp-json\/wp\/v2\/comments?post=2273"}],"version-history":[{"count":1,"href":"https:\/\/avukatimtv.com\/index.php\/wp-json\/wp\/v2\/posts\/2273\/revisions"}],"predecessor-version":[{"id":2275,"href":"https:\/\/avukatimtv.com\/index.php\/wp-json\/wp\/v2\/posts\/2273\/revisions\/2275"}],"wp:featuredmedia":[{"embeddable":true,"href":"https:\/\/avukatimtv.com\/index.php\/wp-json\/wp\/v2\/media\/2274"}],"wp:attachment":[{"href":"https:\/\/avukatimtv.com\/index.php\/wp-json\/wp\/v2\/media?parent=2273"}],"wp:term":[{"taxonomy":"category","embeddable":true,"href":"https:\/\/avukatimtv.com\/index.php\/wp-json\/wp\/v2\/categories?post=2273"},{"taxonomy":"post_tag","embeddable":true,"href":"https:\/\/avukatimtv.com\/index.php\/wp-json\/wp\/v2\/tags?post=2273"}],"curies":[{"name":"wp","href":"https:\/\/api.w.org\/{rel}","templated":true}]}}