{"id":2280,"date":"2025-02-05T12:26:16","date_gmt":"2025-02-05T09:26:16","guid":{"rendered":"https:\/\/avukatimtv.com\/?p=2280"},"modified":"2025-02-05T12:26:16","modified_gmt":"2025-02-05T09:26:16","slug":"minibusculerin-beyzbol-sopali-yolcu-kavgasi-cinayetle-son-buldu","status":"publish","type":"post","link":"https:\/\/avukatimtv.com\/index.php\/2025\/02\/05\/minibusculerin-beyzbol-sopali-yolcu-kavgasi-cinayetle-son-buldu\/","title":{"rendered":"Minib\u00fcs\u00e7\u00fclerin beyzbol sopal\u0131 &#8220;yolcu&#8221; kavgas\u0131 cinayetle son buldu"},"content":{"rendered":"<h2 class=\"mt10 haber_ozet\">B\u00fcy\u00fck\u00e7ekmece&#8217;de minib\u00fcs\u00e7\u00fcler aras\u0131nda &#8220;yolcu alma&#8221; meselesinden kavga \u00e7\u0131kt\u0131. Beyzbol sopas\u0131yla ba\u015f\u0131na darbe alan bir minib\u00fcs \u015fof\u00f6r\u00fc dakikalar sonra fenala\u015f\u0131nca kald\u0131r\u0131ld\u0131\u011f\u0131 hastanede hayat\u0131n\u0131 kaybetti.<\/h2>\n<p>\u0130stanbul&#8217;un\u00a0B\u00fcy\u00fck\u00e7ekmece\u00a0il\u00e7esine ba\u011fl\u0131\u00a0Cumhuriyet Mahallesi E-5 yan yolda deh\u015fet ya\u015fand\u0131. Yak\u0131n \u015fehirlere minib\u00fcsle yolcu ta\u015f\u0131mac\u0131l\u0131\u011f\u0131 yapan \u00c7a\u011flar U. (40) ve Nihat Baysal (61) aras\u0131nda &#8220;yolcu alma&#8221; meselesinden tart\u0131\u015fma \u00e7\u0131kt\u0131. K\u0131sa s\u00fcrece kavgaya d\u00f6n\u00fc\u015fen tart\u0131\u015fmada \u00c7a\u011flar U. arac\u0131ndan ald\u0131\u011f\u0131 beyzbol sopas\u0131yla Baysal&#8217;\u0131n kafas\u0131na vurdu.<\/p>\n<h3>DAK\u0130KALAR SONRA FENALA\u015eIP HAYATINI KAYBETT\u0130<\/h3>\n<p>Kavga\u00a0\u00e7evrede bulunan di\u011fer vatanda\u015flar\u0131n araya girmesiyle son buldu. Olaydan dakikalar sonra d\u00fckkana giren Nihat Baysal fenala\u015f\u0131nca hastaneye kald\u0131r\u0131ld\u0131. Baysal burada yap\u0131lan t\u00fcm m\u00fcdahalelere ra\u011fmen hayat\u0131n\u0131 kaybetti.<\/p>\n<h3>TUTUKLANDI<\/h3>\n<h3>Yap\u0131lan ihbar \u00fczerine B\u00fcy\u00fck\u00e7ekmece \u0130l\u00e7e Emniyet M\u00fcd\u00fcrl\u00fc\u011f\u00fc&#8217;ne ba\u011fl\u0131 Asayi\u015f B\u00fcro Amirli\u011fi ekiplerince g\u00f6zalt\u0131na al\u0131nan \u00c7a\u011flar U. ise \u00e7\u0131kar\u0131ld\u0131\u011f\u0131 mahkemece tutukland\u0131.<\/h3>\n<h3>DEH\u015eET ANLARI KAMERADA<\/h3>\n<p>Ya\u015fanan olay an\u0131 ise g\u00fcvenlik kameras\u0131 taraf\u0131ndan kaydedildi. G\u00f6r\u00fcnt\u00fclerde \u00c7a\u011flar U.&#8217;nun Nihat Baysal&#8217;a beyzbol sopas\u0131yla vurmas\u0131 ve \u00e7evredekilerin araya girmesi yer ald\u0131.<\/p>\n<p><img decoding=\"async\" src=\"https:\/\/foto.sondakika.com\/haber\/2025\/02\/05\/minibusculerin-yolcu-kavgasi-cinayetle-son-buldu-18336360_7993_amp.jpg\" alt=\"Minib\u00fcs\u00e7\u00fclerin beyzbol sopal\u0131 &quot;yolcu&quot; kavgas\u0131 cinayetle son buldu\" \/><\/p>\n<p><strong>KAYNAK : \u0130HA<\/strong><\/p>\n","protected":false},"excerpt":{"rendered":"<p>B\u00fcy\u00fck\u00e7ekmece&#8217;de minib\u00fcs\u00e7\u00fcler aras\u0131nda &#8220;yolcu alma&#8221; meselesinden kavga \u00e7\u0131kt\u0131. Beyzbol sopas\u0131yla ba\u015f\u0131na darbe alan bir minib\u00fcs \u015fof\u00f6r\u00fc dakikalar sonra fenala\u015f\u0131nca kald\u0131r\u0131ld\u0131\u011f\u0131 hastanede hayat\u0131n\u0131 kaybetti. \u0130stanbul&#8217;un\u00a0B\u00fcy\u00fck\u00e7ekmece\u00a0il\u00e7esine ba\u011fl\u0131\u00a0Cumhuriyet Mahallesi E-5 yan yolda deh\u015fet ya\u015fand\u0131. Yak\u0131n \u015fehirlere minib\u00fcsle yolcu ta\u015f\u0131mac\u0131l\u0131\u011f\u0131 yapan \u00c7a\u011flar U. (40) ve Nihat Baysal (61) aras\u0131nda &#8220;yolcu alma&#8221; meselesinden tart\u0131\u015fma \u00e7\u0131kt\u0131. K\u0131sa s\u00fcrece kavgaya d\u00f6n\u00fc\u015fen tart\u0131\u015fmada [&hellip;]<\/p>\n","protected":false},"author":1,"featured_media":2281,"comment_status":"closed","ping_status":"closed","sticky":false,"template":"","format":"standard","meta":{"footnotes":""},"categories":[1],"tags":[180,69,83,182,181],"class_list":["post-2280","post","type-post","status-publish","format-standard","has-post-thumbnail","hentry","category-genel","tag-buyukcekmece","tag-istanbul","tag-kavga","tag-minibus","tag-olum"],"_links":{"self":[{"href":"https:\/\/avukatimtv.com\/index.php\/wp-json\/wp\/v2\/posts\/2280","targetHints":{"allow":["GET"]}}],"collection":[{"href":"https:\/\/avukatimtv.com\/index.php\/wp-json\/wp\/v2\/posts"}],"about":[{"href":"https:\/\/avukatimtv.com\/index.php\/wp-json\/wp\/v2\/types\/post"}],"author":[{"embeddable":true,"href":"https:\/\/avukatimtv.com\/index.php\/wp-json\/wp\/v2\/users\/1"}],"replies":[{"embeddable":true,"href":"https:\/\/avukatimtv.com\/index.php\/wp-json\/wp\/v2\/comments?post=2280"}],"version-history":[{"count":1,"href":"https:\/\/avukatimtv.com\/index.php\/wp-json\/wp\/v2\/posts\/2280\/revisions"}],"predecessor-version":[{"id":2282,"href":"https:\/\/avukatimtv.com\/index.php\/wp-json\/wp\/v2\/posts\/2280\/revisions\/2282"}],"wp:featuredmedia":[{"embeddable":true,"href":"https:\/\/avukatimtv.com\/index.php\/wp-json\/wp\/v2\/media\/2281"}],"wp:attachment":[{"href":"https:\/\/avukatimtv.com\/index.php\/wp-json\/wp\/v2\/media?parent=2280"}],"wp:term":[{"taxonomy":"category","embeddable":true,"href":"https:\/\/avukatimtv.com\/index.php\/wp-json\/wp\/v2\/categories?post=2280"},{"taxonomy":"post_tag","embeddable":true,"href":"https:\/\/avukatimtv.com\/index.php\/wp-json\/wp\/v2\/tags?post=2280"}],"curies":[{"name":"wp","href":"https:\/\/api.w.org\/{rel}","templated":true}]}}