{"id":2283,"date":"2025-02-05T13:03:53","date_gmt":"2025-02-05T10:03:53","guid":{"rendered":"https:\/\/avukatimtv.com\/?p=2283"},"modified":"2025-02-05T13:03:53","modified_gmt":"2025-02-05T10:03:53","slug":"seni-sevmiyorum-evime-gelme-diyen-enistesini-tabancayla-vurarak-yaraladi","status":"publish","type":"post","link":"https:\/\/avukatimtv.com\/index.php\/2025\/02\/05\/seni-sevmiyorum-evime-gelme-diyen-enistesini-tabancayla-vurarak-yaraladi\/","title":{"rendered":"&#8216;Seni sevmiyorum, evime gelme&#8217; diyen eni\u015ftesini tabancayla vurarak yaralad\u0131"},"content":{"rendered":"<div class=\"news-content__inf\">\n<h2>Adana&#8217;n\u0131n Seyhan il\u00e7esinde y\u00fcz\u00fcn\u00fc kap\u00fc\u015fon ve maske ile gizleyen 20 ya\u015f\u0131ndaki \u015eeyhmus Ba\u015f\u00e7\u0131, kendisine &#8220;Seni sevmiyorum, evime gelme&#8221; diyen eni\u015ftesi Murat E.&#8217;yi (41) tabanca ile vurarak yaralad\u0131. O anlar g\u00fcvenlik kameras\u0131na yans\u0131rken, ka\u00e7an sald\u0131rgan yakalan\u0131p tutukland\u0131.<\/h2>\n<\/div>\n<div class=\"news-content readingTime\">\n<p>Olay, 2 \u015eubat&#8217;ta\u00a0Seyhan\u00a0il\u00e7esi K\u00fc\u00e7\u00fckdikili Koza Mahallesi&#8217;nde meydana geldi. \u015eeyhmus Ba\u015f\u00e7\u0131, kendisine, &#8220;Seni sevmiyorum, evime gelme&#8221; diyen ve bu nedenle husumet besledi\u011fi eni\u015ftesi Murat E.&#8217;nin bakkal d\u00fckkan\u0131na gitti. Y\u00fcz\u00fcn\u00fc kap\u00fc\u015fon ve maske ile gizleyerek d\u00fckkana giren \u015eeyhmus Ba\u015f\u00e7\u0131, tabanca ile karn\u0131ndan vurdu\u011fu eni\u015ftesi Murat E.&#8217;yi yaralad\u0131. Ba\u015f\u00e7\u0131 olay yerinden ka\u00e7arken, sald\u0131r\u0131 g\u00fcvenlik kameras\u0131na yans\u0131d\u0131.<\/p>\n<p><strong>&#8220;G\u00d6R\u00dcNT\u00dcLERDEK\u0130 BEN DE\u011e\u0130L\u0130M&#8221;<\/strong><\/p>\n<p>Murat E. ambulansla hastaneye kald\u0131r\u0131l\u0131rken, Asayi\u015f \u015eube M\u00fcd\u00fcrl\u00fc\u011f\u00fcne ba\u011fl\u0131 Motosikletli Polis Timleri Amirli\u011fi ekipleri olayla ilgili \u00e7al\u0131\u015fma ba\u015flatt\u0131. Ekipler, \u015f\u00fcpheliyi olay yerine yak\u0131n bir ara sokakta yakalad\u0131. Sorgusunda, g\u00fcvenlik kameras\u0131 g\u00f6r\u00fcnt\u00fcleri izletilen Ba\u015f\u00e7\u0131, &#8220;G\u00f6r\u00fcnt\u00fclerdeki ben de\u011filim&#8221; dedi. \u0130\u015flemlerinin ard\u0131ndan adliyeye sevk edilen Ba\u015f\u00e7\u0131, tutukland\u0131.<\/p>\n<p><strong>KAYNAK :H\u00dcRR\u0130YET<\/strong><\/p>\n<\/div>\n","protected":false},"excerpt":{"rendered":"<p>Adana&#8217;n\u0131n Seyhan il\u00e7esinde y\u00fcz\u00fcn\u00fc kap\u00fc\u015fon ve maske ile gizleyen 20 ya\u015f\u0131ndaki \u015eeyhmus Ba\u015f\u00e7\u0131, kendisine &#8220;Seni sevmiyorum, evime gelme&#8221; diyen eni\u015ftesi Murat E.&#8217;yi (41) tabanca ile vurarak yaralad\u0131. O anlar g\u00fcvenlik kameras\u0131na yans\u0131rken, ka\u00e7an sald\u0131rgan yakalan\u0131p tutukland\u0131. Olay, 2 \u015eubat&#8217;ta\u00a0Seyhan\u00a0il\u00e7esi K\u00fc\u00e7\u00fckdikili Koza Mahallesi&#8217;nde meydana geldi. \u015eeyhmus Ba\u015f\u00e7\u0131, kendisine, &#8220;Seni sevmiyorum, evime gelme&#8221; diyen ve bu nedenle [&hellip;]<\/p>\n","protected":false},"author":1,"featured_media":2284,"comment_status":"closed","ping_status":"closed","sticky":false,"template":"","format":"standard","meta":{"footnotes":""},"categories":[7,39],"tags":[128,183,184],"class_list":["post-2283","post","type-post","status-publish","format-standard","has-post-thumbnail","hentry","category-gundem","category-haber","tag-adana","tag-seyhan","tag-tabanca"],"_links":{"self":[{"href":"https:\/\/avukatimtv.com\/index.php\/wp-json\/wp\/v2\/posts\/2283","targetHints":{"allow":["GET"]}}],"collection":[{"href":"https:\/\/avukatimtv.com\/index.php\/wp-json\/wp\/v2\/posts"}],"about":[{"href":"https:\/\/avukatimtv.com\/index.php\/wp-json\/wp\/v2\/types\/post"}],"author":[{"embeddable":true,"href":"https:\/\/avukatimtv.com\/index.php\/wp-json\/wp\/v2\/users\/1"}],"replies":[{"embeddable":true,"href":"https:\/\/avukatimtv.com\/index.php\/wp-json\/wp\/v2\/comments?post=2283"}],"version-history":[{"count":1,"href":"https:\/\/avukatimtv.com\/index.php\/wp-json\/wp\/v2\/posts\/2283\/revisions"}],"predecessor-version":[{"id":2285,"href":"https:\/\/avukatimtv.com\/index.php\/wp-json\/wp\/v2\/posts\/2283\/revisions\/2285"}],"wp:featuredmedia":[{"embeddable":true,"href":"https:\/\/avukatimtv.com\/index.php\/wp-json\/wp\/v2\/media\/2284"}],"wp:attachment":[{"href":"https:\/\/avukatimtv.com\/index.php\/wp-json\/wp\/v2\/media?parent=2283"}],"wp:term":[{"taxonomy":"category","embeddable":true,"href":"https:\/\/avukatimtv.com\/index.php\/wp-json\/wp\/v2\/categories?post=2283"},{"taxonomy":"post_tag","embeddable":true,"href":"https:\/\/avukatimtv.com\/index.php\/wp-json\/wp\/v2\/tags?post=2283"}],"curies":[{"name":"wp","href":"https:\/\/api.w.org\/{rel}","templated":true}]}}