{"id":2289,"date":"2025-02-07T11:27:27","date_gmt":"2025-02-07T08:27:27","guid":{"rendered":"https:\/\/avukatimtv.com\/?p=2289"},"modified":"2025-02-07T11:27:27","modified_gmt":"2025-02-07T08:27:27","slug":"aileyi-soke-eden-icra-karari","status":"publish","type":"post","link":"https:\/\/avukatimtv.com\/index.php\/2025\/02\/07\/aileyi-soke-eden-icra-karari\/","title":{"rendered":"Aileyi \u015eoke Eden \u0130cra Karar\u0131"},"content":{"rendered":"<h2 class=\"mt10 haber_ozet\">K\u0131zlar\u0131n\u0131n \u00f6l\u00fcm\u00fcne neden olan \u015fofben firmas\u0131na kar\u015f\u0131 14 y\u0131ll\u0131k davada aile bor\u00e7lu duruma d\u00fc\u015ft\u00fc.<\/h2>\n<p>Gizem Beray Y\u00fcksel&#8217;in h\u00fcz\u00fcnl\u00fc hikayesi, 2010 y\u0131l\u0131nda\u00a0Bursa&#8217;n\u0131n\u00a0Orhangazi\u00a0il\u00e7esinde \u00e7ekilen bir videoyla ba\u015flad\u0131. Gizem&#8217;in saf ve i\u00e7ten s\u00f6zleri, k\u0131sa s\u00fcrede\u00a0T\u00fcrkiye&#8217;nin g\u00fcndemine oturdu. \u0130ki karde\u015fin trajik \u015fekilde hayata veda etmesi, t\u00fcm \u00fclkeyi derinden sarst\u0131.T\u00fcrkiye Gizem Beray Y\u00fcksel&#8217;i 2011 y\u0131l\u0131nda okudu\u011fu okul olan Bursa&#8217;n\u0131n Orhangazi il\u00e7esindeki Atat\u00fcrk \u0130lkokulunda \u00f6\u011fretmeni taraf\u0131ndan \u00e7ekilen videosu ile tan\u0131m\u0131\u015ft\u0131.<\/p>\n<h3>&#8220;BEN\u0130M BABAM ZENG\u0130N OLMADI\u011eI \u0130\u00c7\u0130N&#8230;&#8221;<\/h3>\n<p>\u00d6\u011fretmeninin s\u0131n\u0131fta \u00e7ekti\u011fi videoda arkada\u015flar\u0131na &#8220;Sizin insaf\u0131n\u0131z yok, benim babam zengin olmad\u0131\u011f\u0131 i\u00e7in ayakkab\u0131lar\u0131m y\u0131rt\u0131k&#8221; demesi ve bu videonun internette h\u0131zla yay\u0131lmas\u0131ndan sonra Gizem Beyaz \u015eov dahil bir \u00e7ok televizyon program\u0131na \u00e7\u0131km\u0131\u015f, sempatik ve ya\u015f\u0131ndan b\u00fcy\u00fck s\u00f6ylemleri ile herkesi kendisine hayran b\u0131rakm\u0131\u015ft\u0131.<\/p>\n<p><img decoding=\"async\" src=\"http:\/\/foto.sondakika.com\/haber\/2025\/02\/07\/iki-kardesin-olumuyle-ilgili-aileyi-yikan-karar-18345505_6540_m.jpg\" alt=\"\u0130ki karde\u015fin \u00f6l\u00fcm\u00fcyle ilgili aileyi y\u0131kan karar! Alacakl\u0131yken bor\u00e7lu duruma d\u00fc\u015ft\u00fcler\" \/><\/p>\n<h3>BEYAZ SHOW&#8217;A KONUK OLMU\u015eLARDI<\/h3>\n<p>Y\u00fcksel ailesinin 6 \u00e7ocu\u011fundan biri olan Gizem Beray Y\u00fcksel, \u00f6\u011fretmeninin internette yay\u0131nlad\u0131\u011f\u0131 videodan sonra &#8216;Beyaz Show&#8217;a kat\u0131lm\u0131\u015ft\u0131. Gizem, programda zekas\u0131 ve haz\u0131r cevapl\u0131l\u0131\u011f\u0131 ile izleyenleri ekran ba\u015f\u0131na kilitlemi\u015f ve herkesi kahkahaya bo\u011fmu\u015ftu. Bursa Valisi&#8217;ne \u00f6\u011fretmenine televizyon program\u0131na kat\u0131lmas\u0131na izin vermedi\u011fi i\u00e7in sitem edip canl\u0131 yay\u0131nda &#8220;kal\u0131b\u0131na t\u00fck\u00fcreyim&#8221; diyen k\u00fc\u00e7\u00fck Gizem, daha sonra d\u00f6nemin Valisi\u00a0\u015eahabettin Harput&#8217;un da konu\u011fu olmu\u015f, a\u011fz\u0131mdan ka\u00e7t\u0131 valim diyerek \u00f6z\u00fcr dilemi\u015fti.<\/p>\n<h3>1 YIL SONRA ABLASI \u0130LE B\u0130RL\u0130KTE \u015eOFBENDEN ZEH\u0130RLEND\u0130<\/h3>\n<p>Gizem Beray, videosunun internette h\u0131zla yay\u0131lmas\u0131ndan ve T\u00fcrkiye&#8217;de herkes taraf\u0131ndan tan\u0131nmas\u0131ndan 1 y\u0131l sonra 28 Kas\u0131m 2011 tarihinde Bursa&#8217;n\u0131n Orhangazi il\u00e7esindeki evlerinde ablas\u0131 12 ya\u015f\u0131ndaki \u0130rem S\u0131la Y\u00fcksel ile birlikte girdi\u011fi banyoda \u015fofbenden s\u0131zan gazdan zehirlenerek hayat\u0131n\u0131 kaybetmi\u015fti. Ya\u015fanan bu feci olay sonras\u0131nda iki k\u00fc\u00e7\u00fck k\u0131z karde\u015fin hayat\u0131n\u0131 kaybetmesi t\u00fcm T\u00fcrkiye&#8217;yi yasa bo\u011fmu\u015ftu.<\/p>\n<h3>A\u0130LEDEN HUKUK M\u00dcCADELES\u0130<\/h3>\n<p>Ya\u015fanan olay sonras\u0131nda baba Salih Y\u00fcksel, \u015fofben firmas\u0131na kar\u015f\u0131 maddi ve manevi tazminat davas\u0131 a\u00e7t\u0131. \u015eofben firmas\u0131na kar\u015f\u0131 a\u00e7\u0131lan ve 14 y\u0131ld\u0131r devam eden hukuk m\u00fccadelesinde\u00a0\u0130stanbul\u00a07. Asliye Ticaret Mahkemesinde devam eden davada mahkeme Y\u00fcksel ailesine maddi ve manevi tazminat \u00f6denmesine h\u00fckmetti. Mahkemenin bu karar\u0131 6 kez\u00a0Yarg\u0131tay\u00a0taraf\u0131ndan onayland\u0131. Y\u00fcksel Ailesi, mahkemenin verdi\u011fi maddi ve manevi tazminat\u0131 tahsil etmek isterken\u00a0Bak\u0131rk\u00f6y\u00a05. \u0130cra\u00a0Hukuk\u00a0Dairesinin kendilerini bor\u00e7lu \u00e7\u0131karan karar\u0131yla \u015foka u\u011frad\u0131.<\/p>\n<p>K\u0131z karde\u015fler Gizem ve \u0130rem S\u0131la Y\u00fcksel&#8217;in babalar\u0131 Salih Y\u00fcksel, mahkemenin karar verdi\u011fi tazminat\u0131 almay\u0131 beklerken Bak\u0131rk\u00f6y 5. \u0130cra Hukuk Mahkemesinin verdi\u011fi karar\u0131n kendilerini \u015fa\u015f\u0131rtt\u0131\u011f\u0131n\u0131 dile getirdi. Y\u00fcksel, &#8220;14 y\u0131ld\u0131r s\u00fcren hukuk m\u00fccadelemizde dosyam\u0131z\u0131n adil yarg\u0131lanmad\u0131\u011f\u0131n\u0131, 7 defa bilirki\u015fiye g\u00f6nderildi\u011fini, 6 defa Yarg\u0131tay&#8217;a g\u00f6nderildi\u011fini takip etmemize ra\u011fmen 15 Haziran 2024 tarihinde Yarg\u0131tay&#8217;\u0131n verdi\u011fi \u015fofben firmas\u0131n\u0131n t\u00fcm itirazlar\u0131n\u0131 yerinde g\u00f6rmeyerek reddetmesine ra\u011fmen Bak\u0131rk\u00f6y 5. \u0130cra Hukuk Dairesinde tekrar dava a\u00e7\u0131lmas\u0131n\u0131 anlayam\u0131yorum&#8221; dedi.<\/p>\n<h3>&#8220;NASIL B\u0130R YARGILAMA, NASIL B\u0130R KANUN?&#8221;<\/h3>\n<p>Yarg\u0131tay&#8217;\u0131n karar\u0131n\u0131n \u00fczerine karar olamayaca\u011f\u0131n\u0131 vurgulayan Salih Y\u00fcksel, &#8220;Nas\u0131l bir adalet, yarg\u0131lama, nas\u0131l bir kanun koyuculuk bu, hala akl\u0131m eremiyor&#8221; dedi.5. Bak\u0131rk\u00f6y \u0130cra Hukuk dairesinin kendilerini &#8220;ilama ayk\u0131r\u0131 talepte bulundunuz&#8221; gerek\u00e7esini ileri s\u00fcrerek, \u00f6denmesi gereken miktar\u0131n 2 kat\u0131 kadar fazla bor\u00e7lu duruma d\u00fc\u015f\u00fcrd\u00fc\u011f\u00fcn\u00fc belirten Salih Y\u00fcksel, &#8220;Bu hatadan d\u00f6n\u00fclmesini bekliyorum. \u00c7ocuklar\u0131m\u0131n di\u015finden t\u0131rna\u011f\u0131ndan biriktirerek ald\u0131klar\u0131 arabalara da haciz konuldu. Adalet Bakanl\u0131\u011f\u0131m\u0131zdan bu konu \u00fczerinde durmas\u0131n\u0131 talep ediyorum&#8221; dedi.<\/p>\n<p><img decoding=\"async\" src=\"http:\/\/foto.sondakika.com\/haber\/2025\/02\/07\/iki-kardesin-olumuyle-ilgili-aileyi-yikan-karar-18345505_7581_m.jpg\" alt=\"\u0130ki karde\u015fin \u00f6l\u00fcm\u00fcyle ilgili aileyi y\u0131kan karar! Alacakl\u0131yken bor\u00e7lu duruma d\u00fc\u015ft\u00fcler\" \/><\/p>\n<p><strong>KAYNAK : \u0130HA<\/strong><\/p>\n","protected":false},"excerpt":{"rendered":"<p>K\u0131zlar\u0131n\u0131n \u00f6l\u00fcm\u00fcne neden olan \u015fofben firmas\u0131na kar\u015f\u0131 14 y\u0131ll\u0131k davada aile bor\u00e7lu duruma d\u00fc\u015ft\u00fc. Gizem Beray Y\u00fcksel&#8217;in h\u00fcz\u00fcnl\u00fc hikayesi, 2010 y\u0131l\u0131nda\u00a0Bursa&#8217;n\u0131n\u00a0Orhangazi\u00a0il\u00e7esinde \u00e7ekilen bir videoyla ba\u015flad\u0131. Gizem&#8217;in saf ve i\u00e7ten s\u00f6zleri, k\u0131sa s\u00fcrede\u00a0T\u00fcrkiye&#8217;nin g\u00fcndemine oturdu. \u0130ki karde\u015fin trajik \u015fekilde hayata veda etmesi, t\u00fcm \u00fclkeyi derinden sarst\u0131.T\u00fcrkiye Gizem Beray Y\u00fcksel&#8217;i 2011 y\u0131l\u0131nda okudu\u011fu okul olan Bursa&#8217;n\u0131n Orhangazi [&hellip;]<\/p>\n","protected":false},"author":1,"featured_media":2290,"comment_status":"closed","ping_status":"closed","sticky":false,"template":"","format":"standard","meta":{"footnotes":""},"categories":[7,38,192],"tags":[190,80,193,147,194,25],"class_list":["post-2289","post","type-post","status-publish","format-standard","has-post-thumbnail","hentry","category-gundem","category-hukuk","category-karar","tag-adalet","tag-bursa","tag-karar","tag-mahkeme","tag-yargitay","tag-gundem"],"_links":{"self":[{"href":"https:\/\/avukatimtv.com\/index.php\/wp-json\/wp\/v2\/posts\/2289","targetHints":{"allow":["GET"]}}],"collection":[{"href":"https:\/\/avukatimtv.com\/index.php\/wp-json\/wp\/v2\/posts"}],"about":[{"href":"https:\/\/avukatimtv.com\/index.php\/wp-json\/wp\/v2\/types\/post"}],"author":[{"embeddable":true,"href":"https:\/\/avukatimtv.com\/index.php\/wp-json\/wp\/v2\/users\/1"}],"replies":[{"embeddable":true,"href":"https:\/\/avukatimtv.com\/index.php\/wp-json\/wp\/v2\/comments?post=2289"}],"version-history":[{"count":1,"href":"https:\/\/avukatimtv.com\/index.php\/wp-json\/wp\/v2\/posts\/2289\/revisions"}],"predecessor-version":[{"id":2291,"href":"https:\/\/avukatimtv.com\/index.php\/wp-json\/wp\/v2\/posts\/2289\/revisions\/2291"}],"wp:featuredmedia":[{"embeddable":true,"href":"https:\/\/avukatimtv.com\/index.php\/wp-json\/wp\/v2\/media\/2290"}],"wp:attachment":[{"href":"https:\/\/avukatimtv.com\/index.php\/wp-json\/wp\/v2\/media?parent=2289"}],"wp:term":[{"taxonomy":"category","embeddable":true,"href":"https:\/\/avukatimtv.com\/index.php\/wp-json\/wp\/v2\/categories?post=2289"},{"taxonomy":"post_tag","embeddable":true,"href":"https:\/\/avukatimtv.com\/index.php\/wp-json\/wp\/v2\/tags?post=2289"}],"curies":[{"name":"wp","href":"https:\/\/api.w.org\/{rel}","templated":true}]}}