{"id":2292,"date":"2025-02-07T11:57:54","date_gmt":"2025-02-07T08:57:54","guid":{"rendered":"https:\/\/avukatimtv.com\/?p=2292"},"modified":"2025-02-07T11:57:54","modified_gmt":"2025-02-07T08:57:54","slug":"sila-bebek-davasinda-karar-aciklandi","status":"publish","type":"post","link":"https:\/\/avukatimtv.com\/index.php\/2025\/02\/07\/sila-bebek-davasinda-karar-aciklandi\/","title":{"rendered":"S\u0131la bebek davas\u0131nda karar a\u00e7\u0131kland\u0131"},"content":{"rendered":"<h2 id=\"content\" class=\"content font-normal text-gray-700 text-xl lg:text-2xl leading-6 mb-8 mt-8 block \">Tekirda\u011f&#8217;\u0131n Malkara il\u00e7esinde 2 ya\u015f\u0131ndaki S\u0131la Yeni\u00e7eri&#8217;nin cinsel istismar ve \u015fiddet sonucu hayat\u0131n\u0131 kaybetmesine ili\u015fkin davada mahkeme karar\u0131n\u0131 a\u00e7\u0131klad\u0131.<\/h2>\n<div id=\"content\" class=\"content news-detail__content font-normal text-gray-45 text-base font-setting\">\n<p>Tekirda\u011f 2. A\u011f\u0131r Ceza Mahkemesi&#8217;nde g\u00f6r\u00fclen karar duru\u015fmas\u0131nda san\u0131klar son kez savunmalar\u0131n\u0131 yapt\u0131. Mahkeme heyeti, yap\u0131lan savunmalar\u0131n ard\u0131ndan h\u00fckm\u00fcn\u00fc a\u00e7\u0131klad\u0131.<br \/>\nMahkeme, anne Bakiye Y.&#8217;yi \u00f6ld\u00fcrme su\u00e7undan 24 y\u0131l, su\u00e7 delillerini karartmaktan 3 y\u0131l, su\u00e7u bildirmeme su\u00e7undan ise 9 ay olmak \u00fczere toplam 27 y\u0131l 9 ay hapis cezas\u0131na \u00e7arpt\u0131rd\u0131. San\u0131klardan G.K. cinsel istismar su\u00e7undan 7 y\u0131l, K.A. cinsel istismar su\u00e7undan 7 y\u0131l ve \u00f6ld\u00fcrme su\u00e7undan 13 y\u0131l 6 ay olmak \u00fczere toplam 20 y\u0131l 6 ay hapis cezas\u0131 ald\u0131. Di\u011fer san\u0131klar Kan\u0131. A. ve Sanl\u0131 \u00d6. ise beraat etti. Mahkemenin karar\u0131n\u0131n ard\u0131ndan taraflar duru\u015fma salonundan ayr\u0131ld\u0131.<\/p>\n<p><img decoding=\"async\" src=\"https:\/\/cdn.iha.com.tr\/Contents\/25-02\/07\/yeni-proje-4-1738916350.jpg\" alt=\"S\u0131la bebek davas\u0131nda karar a\u00e7\u0131kland\u0131\" \/><\/p>\n<p><strong>KAYNAK :\u0130HA<\/strong><\/p>\n<\/div>\n","protected":false},"excerpt":{"rendered":"<p>Tekirda\u011f&#8217;\u0131n Malkara il\u00e7esinde 2 ya\u015f\u0131ndaki S\u0131la Yeni\u00e7eri&#8217;nin cinsel istismar ve \u015fiddet sonucu hayat\u0131n\u0131 kaybetmesine ili\u015fkin davada mahkeme karar\u0131n\u0131 a\u00e7\u0131klad\u0131. Tekirda\u011f 2. A\u011f\u0131r Ceza Mahkemesi&#8217;nde g\u00f6r\u00fclen karar duru\u015fmas\u0131nda san\u0131klar son kez savunmalar\u0131n\u0131 yapt\u0131. Mahkeme heyeti, yap\u0131lan savunmalar\u0131n ard\u0131ndan h\u00fckm\u00fcn\u00fc a\u00e7\u0131klad\u0131. Mahkeme, anne Bakiye Y.&#8217;yi \u00f6ld\u00fcrme su\u00e7undan 24 y\u0131l, su\u00e7 delillerini karartmaktan 3 y\u0131l, su\u00e7u bildirmeme su\u00e7undan [&hellip;]<\/p>\n","protected":false},"author":1,"featured_media":2293,"comment_status":"closed","ping_status":"closed","sticky":false,"template":"","format":"standard","meta":{"footnotes":""},"categories":[7,38],"tags":[193,147,181,195,71,196],"class_list":["post-2292","post","type-post","status-publish","format-standard","has-post-thumbnail","hentry","category-gundem","category-hukuk","tag-karar","tag-mahkeme","tag-olum","tag-silabebek","tag-suc","tag-tekirdag"],"_links":{"self":[{"href":"https:\/\/avukatimtv.com\/index.php\/wp-json\/wp\/v2\/posts\/2292","targetHints":{"allow":["GET"]}}],"collection":[{"href":"https:\/\/avukatimtv.com\/index.php\/wp-json\/wp\/v2\/posts"}],"about":[{"href":"https:\/\/avukatimtv.com\/index.php\/wp-json\/wp\/v2\/types\/post"}],"author":[{"embeddable":true,"href":"https:\/\/avukatimtv.com\/index.php\/wp-json\/wp\/v2\/users\/1"}],"replies":[{"embeddable":true,"href":"https:\/\/avukatimtv.com\/index.php\/wp-json\/wp\/v2\/comments?post=2292"}],"version-history":[{"count":1,"href":"https:\/\/avukatimtv.com\/index.php\/wp-json\/wp\/v2\/posts\/2292\/revisions"}],"predecessor-version":[{"id":2294,"href":"https:\/\/avukatimtv.com\/index.php\/wp-json\/wp\/v2\/posts\/2292\/revisions\/2294"}],"wp:featuredmedia":[{"embeddable":true,"href":"https:\/\/avukatimtv.com\/index.php\/wp-json\/wp\/v2\/media\/2293"}],"wp:attachment":[{"href":"https:\/\/avukatimtv.com\/index.php\/wp-json\/wp\/v2\/media?parent=2292"}],"wp:term":[{"taxonomy":"category","embeddable":true,"href":"https:\/\/avukatimtv.com\/index.php\/wp-json\/wp\/v2\/categories?post=2292"},{"taxonomy":"post_tag","embeddable":true,"href":"https:\/\/avukatimtv.com\/index.php\/wp-json\/wp\/v2\/tags?post=2292"}],"curies":[{"name":"wp","href":"https:\/\/api.w.org\/{rel}","templated":true}]}}