{"id":2298,"date":"2025-02-10T10:37:30","date_gmt":"2025-02-10T07:37:30","guid":{"rendered":"https:\/\/avukatimtv.com\/?p=2298"},"modified":"2025-02-10T10:37:30","modified_gmt":"2025-02-10T07:37:30","slug":"tartistigi-kisiye-kilicla-saldirdi","status":"publish","type":"post","link":"https:\/\/avukatimtv.com\/index.php\/2025\/02\/10\/tartistigi-kisiye-kilicla-saldirdi\/","title":{"rendered":"Tart\u0131\u015ft\u0131\u011f\u0131 ki\u015fiye k\u0131l\u0131\u00e7la sald\u0131rd\u0131"},"content":{"rendered":"<h2 class=\"mt10 haber_ozet\">Kayseri&#8217;de bir ki\u015fi, apartman giri\u015finde tart\u0131\u015ft\u0131\u011f\u0131 \u015fahs\u0131 k\u0131l\u0131\u00e7la yaralad\u0131. Kamera kay\u0131tlar\u0131ndan kimli\u011fi tespit edilip yakalanan sald\u0131rgan\u0131n 18 su\u00e7tan kayd\u0131 oldu\u011fu \u00f6\u011frenilirken, \u00e7\u0131kar\u0131ld\u0131\u011f\u0131 mahkemece tutukland\u0131.<\/h2>\n<p>Kayseri&#8217;de, k\u0131l\u0131\u00e7la bir ki\u015fiyi yaralayan A.R. (32), sevk edildi\u011fi mahkemede tutukland\u0131. Olay an\u0131 ise binan\u0131n g\u00fcvenlik kameras\u0131na yans\u0131d\u0131.<\/p>\n<h3>KILI\u00c7LA VURARAK YARALADI<\/h3>\n<p>\u0130l Emniyet M\u00fcd\u00fcrl\u00fc\u011f\u00fc\u00a0Asayi\u015f \u015eube M\u00fcd\u00fcrl\u00fc\u011f\u00fc\u00a0Cinayet B\u00fcro Amirli\u011fi ekipleri,\u00a0Melikgazi\u00a0il\u00e7esi K\u0131l\u0131\u00e7aslan Mahallesi&#8217;ndeki bir apartman giri\u015finde bir ki\u015fiyi k\u0131l\u0131\u00e7la vurarak yaralayan \u015f\u00fcphelinin yakalanmas\u0131na y\u00f6nelik \u00e7al\u0131\u015fma ba\u015flatt\u0131. Olayla ilgili soru\u015fturmada binan\u0131n g\u00fcvenlik kamera kayd\u0131 incelemeye al\u0131nd\u0131.<\/p>\n<h3>18 SU\u00c7TAN KAYDI VAR<\/h3>\n<p>Ekipler, \u015f\u00fcphelinin A.R. oldu\u011funu belirledi. Yap\u0131lan kontrollerde 18 su\u00e7 kayd\u0131 oldu\u011fu tespit edilen A.R., adresine d\u00fczenlenen operasyonla yakaland\u0131. \u015e\u00fcphelinin evinde, i\u015f yerinde ve arac\u0131nda yap\u0131lan aramalarda kavga s\u0131ras\u0131nda kulland\u0131\u011f\u0131 k\u0131l\u0131\u00e7 ile 70 adet fi\u015fek ele ge\u00e7irildi.<\/p>\n<h3>TUTUKLANDI<\/h3>\n<p>Emniyetteki i\u015flemlerinin ard\u0131ndan adliyeye sevk edilen A.R., \u00e7\u0131kar\u0131ld\u0131\u011f\u0131 N\u00f6bet\u00e7i Sulh Ceza Mahkemesi&#8217;nce tutuklanarak cezaevine konuldu. Binan\u0131n g\u00fcvenlik kameras\u0131na yans\u0131yan g\u00f6r\u00fcnt\u00fclerde ise A.R.&#8217;nin kap\u0131ya vurdu\u011fu ard\u0131ndan da bir ki\u015fiye k\u0131l\u0131\u00e7la sald\u0131rd\u0131\u011f\u0131 g\u00f6r\u00fcld\u00fc.<\/p>\n<p><img decoding=\"async\" src=\"https:\/\/foto.sondakika.com\/haber\/2025\/02\/10\/tartistigi-kisiye-kilicla-saldirdi-18355513_1004_amp.jpg\" alt=\"Tart\u0131\u015ft\u0131\u011f\u0131 ki\u015fiye k\u0131l\u0131\u00e7la sald\u0131rd\u0131\" \/><\/p>\n<p><strong>KAYNAK : DHA<\/strong><\/p>\n","protected":false},"excerpt":{"rendered":"<p>Kayseri&#8217;de bir ki\u015fi, apartman giri\u015finde tart\u0131\u015ft\u0131\u011f\u0131 \u015fahs\u0131 k\u0131l\u0131\u00e7la yaralad\u0131. Kamera kay\u0131tlar\u0131ndan kimli\u011fi tespit edilip yakalanan sald\u0131rgan\u0131n 18 su\u00e7tan kayd\u0131 oldu\u011fu \u00f6\u011frenilirken, \u00e7\u0131kar\u0131ld\u0131\u011f\u0131 mahkemece tutukland\u0131. Kayseri&#8217;de, k\u0131l\u0131\u00e7la bir ki\u015fiyi yaralayan A.R. (32), sevk edildi\u011fi mahkemede tutukland\u0131. Olay an\u0131 ise binan\u0131n g\u00fcvenlik kameras\u0131na yans\u0131d\u0131. KILI\u00c7LA VURARAK YARALADI \u0130l Emniyet M\u00fcd\u00fcrl\u00fc\u011f\u00fc\u00a0Asayi\u015f \u015eube M\u00fcd\u00fcrl\u00fc\u011f\u00fc\u00a0Cinayet B\u00fcro Amirli\u011fi ekipleri,\u00a0Melikgazi\u00a0il\u00e7esi K\u0131l\u0131\u00e7aslan Mahallesi&#8217;ndeki [&hellip;]<\/p>\n","protected":false},"author":1,"featured_media":2299,"comment_status":"closed","ping_status":"closed","sticky":false,"template":"","format":"standard","meta":{"footnotes":""},"categories":[7,38],"tags":[201,202,96,203,116],"class_list":["post-2298","post","type-post","status-publish","format-standard","has-post-thumbnail","hentry","category-gundem","category-hukuk","tag-asayissubemudurlugu","tag-kayser","tag-kayseri","tag-kilic","tag-tutuklama"],"_links":{"self":[{"href":"https:\/\/avukatimtv.com\/index.php\/wp-json\/wp\/v2\/posts\/2298","targetHints":{"allow":["GET"]}}],"collection":[{"href":"https:\/\/avukatimtv.com\/index.php\/wp-json\/wp\/v2\/posts"}],"about":[{"href":"https:\/\/avukatimtv.com\/index.php\/wp-json\/wp\/v2\/types\/post"}],"author":[{"embeddable":true,"href":"https:\/\/avukatimtv.com\/index.php\/wp-json\/wp\/v2\/users\/1"}],"replies":[{"embeddable":true,"href":"https:\/\/avukatimtv.com\/index.php\/wp-json\/wp\/v2\/comments?post=2298"}],"version-history":[{"count":1,"href":"https:\/\/avukatimtv.com\/index.php\/wp-json\/wp\/v2\/posts\/2298\/revisions"}],"predecessor-version":[{"id":2300,"href":"https:\/\/avukatimtv.com\/index.php\/wp-json\/wp\/v2\/posts\/2298\/revisions\/2300"}],"wp:featuredmedia":[{"embeddable":true,"href":"https:\/\/avukatimtv.com\/index.php\/wp-json\/wp\/v2\/media\/2299"}],"wp:attachment":[{"href":"https:\/\/avukatimtv.com\/index.php\/wp-json\/wp\/v2\/media?parent=2298"}],"wp:term":[{"taxonomy":"category","embeddable":true,"href":"https:\/\/avukatimtv.com\/index.php\/wp-json\/wp\/v2\/categories?post=2298"},{"taxonomy":"post_tag","embeddable":true,"href":"https:\/\/avukatimtv.com\/index.php\/wp-json\/wp\/v2\/tags?post=2298"}],"curies":[{"name":"wp","href":"https:\/\/api.w.org\/{rel}","templated":true}]}}