{"id":2301,"date":"2025-02-10T11:25:39","date_gmt":"2025-02-10T08:25:39","guid":{"rendered":"https:\/\/avukatimtv.com\/?p=2301"},"modified":"2025-02-10T11:25:39","modified_gmt":"2025-02-10T08:25:39","slug":"esenyurtta-pazarda-hirsizlik-yapan-kadin-sucustu-yakalandi-o-anlar-kamerada","status":"publish","type":"post","link":"https:\/\/avukatimtv.com\/index.php\/2025\/02\/10\/esenyurtta-pazarda-hirsizlik-yapan-kadin-sucustu-yakalandi-o-anlar-kamerada\/","title":{"rendered":"Esenyurt\u2019ta pazarda h\u0131rs\u0131zl\u0131k yapan kad\u0131n su\u00e7\u00fcst\u00fc yakaland\u0131: O anlar kamerada"},"content":{"rendered":"<h2 id=\"content\" class=\"content font-normal text-gray-700 text-xl lg:text-2xl leading-6 mb-8 mt-8 block \">Esenyurt\u2019ta bir pazar yerinde h\u0131rs\u0131zl\u0131k yapan kad\u0131n, vatanda\u015flar taraf\u0131ndan su\u00e7\u00fcst\u00fc yakaland\u0131. Vatanda\u015flar ile \u015f\u00fcpheli aras\u0131nda tart\u0131\u015fma ya\u015fan\u0131rken, \u015f\u00fcpheli kad\u0131n olay yerine gelen polis ekiplerine teslim edildi. O anlar ise kameraya yans\u0131d\u0131.<\/h2>\n<div id=\"content\" class=\"content news-detail__content font-normal text-gray-45 text-base font-setting\">\n<p>Olay, ge\u00e7ti\u011fimiz g\u00fcnlerde Esenyurt il\u00e7esi \u0130stiklal Mahallesi Cumhuriyet Caddesi\u2019nde kurulan bir semt pazar\u0131nda meydana geldi. \u0130ddiaya g\u00f6re, semt pazar\u0131n\u0131 mesken edinen bir grup kad\u0131n h\u0131rs\u0131z, al\u0131\u015fveri\u015f yapmaya gelen vatanda\u015flar\u0131n cep telefonu ve c\u00fczdanlar\u0131n\u0131 \u00e7ald\u0131. H\u0131rs\u0131zlar, telefonunu \u00e7almak istedikleri bir kad\u0131n\u0131n durumu fark etmesi \u00fczerine yakay\u0131 ele verdi ancak \u015f\u00fcphelilerden birisi olay yerinden ka\u00e7arak uzakla\u015ft\u0131. Yakalanan \u015f\u00fcpheli ile vatanda\u015flar aras\u0131nda tart\u0131\u015fma \u00e7\u0131kt\u0131. \u0130hbar \u00fczerine olay yerine polis ekipleri sevk edildi.<\/p>\n<p><strong>\u00c7al\u0131nt\u0131 cep telefonu \u00fczerinden \u00e7\u0131kt\u0131<\/strong><\/p>\n<p>Yakalanan kad\u0131n\u0131n \u00fczerinden \u00e7al\u0131nt\u0131 cep telefonu ve y\u00fcksek miktarda para \u00e7\u0131kt\u0131\u011f\u0131 \u00f6\u011frenildi. Yakay\u0131 ele veren h\u0131rs\u0131z ile vatanda\u015flar\u0131n tart\u0131\u015fmas\u0131 \u00e7evredeki vatanda\u015flar taraf\u0131ndan g\u00f6r\u00fcnt\u00fclendi. G\u00f6r\u00fcnt\u00fclerde, telefonu \u00e7al\u0131nan bir kad\u0131n\u0131n, \u015f\u00fcpheliye ba\u011f\u0131rd\u0131\u011f\u0131, \u015f\u00fcphelinin ise o esnada \u00e7ekim yapan bir vatanda\u015f\u0131n telefonuna vurdu\u011fu anlar yer ald\u0131. \u00d6te yandan, g\u00f6zalt\u0131na al\u0131nan \u015fahs\u0131n \u00e7ok say\u0131da su\u00e7tan dosyas\u0131 oldu\u011fu da \u00f6\u011frenildi.<\/p>\n<p><img decoding=\"async\" src=\"https:\/\/isindetayicom.teimg.com\/crop\/1280x720\/isindetayi-com\/uploads\/2025\/02\/agency\/iha\/esenyurtta-pazarda-hirsizlik-yapan-kadin-sucustu-yakalandi-o-anlar-kamerada.jpg\" alt=\"Esenyurt'ta pazarda h\u0131rs\u0131zl\u0131k yapan kad\u0131n su\u00e7\u00fcst\u00fc yakaland\u0131: O anlar  kamerada - \u0130\u015fin Detay\u0131 Haber\" \/><\/p>\n<p><strong>KAYNAK : \u0130HA<\/strong><\/p>\n<\/div>\n","protected":false},"excerpt":{"rendered":"<p>Esenyurt\u2019ta bir pazar yerinde h\u0131rs\u0131zl\u0131k yapan kad\u0131n, vatanda\u015flar taraf\u0131ndan su\u00e7\u00fcst\u00fc yakaland\u0131. Vatanda\u015flar ile \u015f\u00fcpheli aras\u0131nda tart\u0131\u015fma ya\u015fan\u0131rken, \u015f\u00fcpheli kad\u0131n olay yerine gelen polis ekiplerine teslim edildi. O anlar ise kameraya yans\u0131d\u0131. Olay, ge\u00e7ti\u011fimiz g\u00fcnlerde Esenyurt il\u00e7esi \u0130stiklal Mahallesi Cumhuriyet Caddesi\u2019nde kurulan bir semt pazar\u0131nda meydana geldi. \u0130ddiaya g\u00f6re, semt pazar\u0131n\u0131 mesken edinen bir grup kad\u0131n [&hellip;]<\/p>\n","protected":false},"author":1,"featured_media":0,"comment_status":"closed","ping_status":"closed","sticky":false,"template":"","format":"standard","meta":{"footnotes":""},"categories":[7,117],"tags":[152,47,204,207,52,206,49,205],"class_list":["post-2301","post","type-post","status-publish","format-standard","hentry","category-gundem","category-olay","tag-esenyurt","tag-haber","tag-hirsizlik","tag-kamera","tag-olay","tag-pazr","tag-polis","tag-suphelikadin"],"_links":{"self":[{"href":"https:\/\/avukatimtv.com\/index.php\/wp-json\/wp\/v2\/posts\/2301","targetHints":{"allow":["GET"]}}],"collection":[{"href":"https:\/\/avukatimtv.com\/index.php\/wp-json\/wp\/v2\/posts"}],"about":[{"href":"https:\/\/avukatimtv.com\/index.php\/wp-json\/wp\/v2\/types\/post"}],"author":[{"embeddable":true,"href":"https:\/\/avukatimtv.com\/index.php\/wp-json\/wp\/v2\/users\/1"}],"replies":[{"embeddable":true,"href":"https:\/\/avukatimtv.com\/index.php\/wp-json\/wp\/v2\/comments?post=2301"}],"version-history":[{"count":1,"href":"https:\/\/avukatimtv.com\/index.php\/wp-json\/wp\/v2\/posts\/2301\/revisions"}],"predecessor-version":[{"id":2302,"href":"https:\/\/avukatimtv.com\/index.php\/wp-json\/wp\/v2\/posts\/2301\/revisions\/2302"}],"wp:attachment":[{"href":"https:\/\/avukatimtv.com\/index.php\/wp-json\/wp\/v2\/media?parent=2301"}],"wp:term":[{"taxonomy":"category","embeddable":true,"href":"https:\/\/avukatimtv.com\/index.php\/wp-json\/wp\/v2\/categories?post=2301"},{"taxonomy":"post_tag","embeddable":true,"href":"https:\/\/avukatimtv.com\/index.php\/wp-json\/wp\/v2\/tags?post=2301"}],"curies":[{"name":"wp","href":"https:\/\/api.w.org\/{rel}","templated":true}]}}