{"id":2304,"date":"2025-02-11T11:14:04","date_gmt":"2025-02-11T08:14:04","guid":{"rendered":"https:\/\/avukatimtv.com\/?p=2304"},"modified":"2025-02-11T11:14:04","modified_gmt":"2025-02-11T08:14:04","slug":"istanbulda-9-belediyeye-teror-operasyonu","status":"publish","type":"post","link":"https:\/\/avukatimtv.com\/index.php\/2025\/02\/11\/istanbulda-9-belediyeye-teror-operasyonu\/","title":{"rendered":"\u0130stanbul&#8217;da 9 belediyeye ter\u00f6r operasyonu"},"content":{"rendered":"<h2 class=\"mt10 haber_ozet\">\u0130stanbul&#8217;da 9 belediyeye ter\u00f6r soru\u015fturmas\u0131 kapsam\u0131nda yap\u0131lan operasyonda, aralar\u0131nda Kartal Belediye Ba\u015fkan Yard\u0131mc\u0131s\u0131 ve Ata\u015fehir Belediye Ba\u015fkan Yard\u0131mc\u0131s\u0131&#8217;n\u0131n da bulundu\u011fu 9 \u015f\u00fcpheli g\u00f6zalt\u0131na al\u0131nd\u0131. Polis ekipleri g\u00f6zalt\u0131na al\u0131nan ki\u015filerin ev ve makam odalar\u0131nda arama yap\u0131yor.<\/h2>\n<p>\u0130stanbul Cumhuriyet Ba\u015fsavc\u0131l\u0131\u011f\u0131, belediyelere yeni bir operasyon yap\u0131ld\u0131\u011f\u0131n\u0131 duyurdu. &#8216;Kent uzla\u015f\u0131s\u0131&#8217; operasyonlar\u0131nda\u00a0Kartal\u00a0ve\u00a0Ata\u015fehir\u00a0belediye ba\u015fkan yard\u0131mc\u0131lar\u0131 ile di\u011fer belediyelerde g\u00f6revli 7 belediye meclis \u00fcyesi hakk\u0131nda g\u00f6zalt\u0131 karar\u0131 bulundu\u011fu bildirildi.<\/p>\n<h3>&#8220;YASAKLI YAYIN VE \u00d6RG\u00dcTSEL DOK\u00dcMANLARA EL KONULMU\u015eTUR&#8221;<\/h3>\n<p>A\u00e7\u0131klamada, &#8220;PKK\/KCK Silahl\u0131\u00a0Ter\u00f6r\u00a0\u00d6rg\u00fct\u00fcn\u00fcn Siyasal Alan Yap\u0131lanmas\u0131 HDK (Halklar\u0131n Demokratik Kongresi) i\u00e7erisinde \u0130stanbul ilinde faaliyet g\u00f6sterdi\u011fi tespit edilen, ter\u00f6r \u00f6rg\u00fct\u00fcn\u00fcn kent uzla\u015f\u0131s\u0131 faaliyetleri kapsam\u0131nda 2024 yerel se\u00e7imleri sonras\u0131nda belediye ba\u015fkan yard\u0131mc\u0131s\u0131, belediye meclis \u00fcyesi ve belediyelerde s\u00f6z sahibi olarak g\u00f6rev yapmaya ba\u015flayan ve halen g\u00f6revli olan ki\u015filerin yakalanmas\u0131na y\u00f6nelik;<\/p>\n<p>\u0130limiz 12 il\u00e7esinde 11.02.2025 tarihinde yap\u0131lan operasyonel \u00e7al\u0131\u015fmada 10 ki\u015fi yakalanarak g\u00f6zalt\u0131na al\u0131nm\u0131\u015f, ikametlerde yap\u0131lan aramalarda yasakl\u0131 yay\u0131n, \u00f6rg\u00fctsel dok\u00fcman ve \u015fah\u0131slara ait dijital materyallere el konulmu\u015ftur.&#8221; ifadeleri yer ald\u0131.<\/p>\n<p><strong>G\u00f6zalt\u0131na al\u0131nanlar \u015fu \u015fekilde;<\/strong><\/p>\n<ul>\n<li>\u015e\u00fcpheli C.Y.&#8217;nin Kartal Belediye Ba\u015fkan Yard\u0131mc\u0131s\u0131,<\/li>\n<li>\u015e\u00fcpheli L.G.&#8217;nin Ata\u015fehir Belediye Ba\u015fkan Yard\u0131mc\u0131s\u0131,<\/li>\n<li>\u015e\u00fcpheli B.K.&#8217;n\u0131n\u00a0\u00dcsk\u00fcdar\u00a0Belediye Meclis \u00dcyesi,<\/li>\n<li>\u015e\u00fcpheli E.G.&#8217;nin\u00a0Sancaktepe Belediye\u00a0Meclis \u00dcyesi,<\/li>\n<li>\u015e\u00fcpheli G.A.&#8217;n\u0131n\u00a0Fatih\u00a0Belediye Meclis \u00dcyesi,<\/li>\n<li>\u015e\u00fcpheli H.\u00d6.&#8217;n\u00fcn\u00a0Tuzla\u00a0Belediye Meclis \u00dcyesi,<\/li>\n<li>\u015e\u00fcpheli N.A.&#8217;n\u0131n\u00a0Adalar\u00a0Belediye Meclis \u00dcyesi,<\/li>\n<li>\u015e\u00fcpheli S.G.&#8217;nin\u00a0\u015ei\u015fli\u00a0Belediye Meclis \u00dcyesi,<\/li>\n<li>\u015e\u00fcpheli T.\u015e.&#8217;nin\u00a0Beyo\u011flu\u00a0Belediye Meclis \u00dcyesi.<\/li>\n<\/ul>\n<h3>EV VE MAKAM ODALARINDA ARAMA<\/h3>\n<p>10 ki\u015finin g\u00f6zalt\u0131na al\u0131nd\u0131\u011f\u0131 ter\u00f6r operasyonu kamuoyunda geni\u015f yank\u0131 uyand\u0131r\u0131rken polis ekiplerinin g\u00f6zalt\u0131na al\u0131nan \u015f\u00fcphelilerin ev ve makam odalar\u0131nda arama yapt\u0131\u011f\u0131 kaydedildi.<\/p>\n<h3>SU\u00c7LAMALAR NELER?<\/h3>\n<p>\u0130stanbul\u00a0Cumhuriyet Ba\u015fsavc\u0131l\u0131\u011f\u0131&#8217;ndan yap\u0131lan a\u00e7\u0131klamada, &#8220;Kent uzla\u015f\u0131s\u0131 form\u00fcl\u00fcn\u00fcn teorisinin ter\u00f6r \u00f6rg\u00fct\u00fc y\u00f6netimince yap\u0131ld\u0131\u011f\u0131, demokratik \u00f6zerklik sisteminde baz\u0131 alanlarda uygulanacak bir form\u00fcl oldu\u011fu, do\u011fu illerinde yerel y\u00f6netimlerin kazan\u0131larak \u00f6zerklik sisteminin kurulmas\u0131, bat\u0131 illerinde ise K\u00fcrt n\u00fcfusunu \u00f6zerklik sistemine benzer bir sistemle yerel y\u00f6netimlere dahil edilmesi planlamas\u0131 \u00e7er\u00e7evesinde olu\u015fturuldu\u011fu ve ad\u0131na da &#8220;Kent Uzla\u015f\u0131s\u0131&#8221; denildi\u011fi, Kent Uzla\u015f\u0131s\u0131 form\u00fcl\u00fc ile bat\u0131 il ve il\u00e7elerindeki K\u00fcrtlerin, belediyeleri kazanamasalar da uzla\u015f\u0131lacak ve desteklenecek aday kar\u015f\u0131l\u0131\u011f\u0131nda, belediye meclislerinde belli say\u0131larda kota elde edilmesi sonucu belediye meclis kararlar\u0131nda s\u00f6z sahibi olmalar\u0131n\u0131n, yerel y\u00f6netimlerde yer almalar\u0131n\u0131n ve siyasi bir denge olmalar\u0131n\u0131n ama\u00e7land\u0131\u011f\u0131, \u00d6zerlik Sistemi ve Kent Uzla\u015f\u0131s\u0131 form\u00fcl\u00fcn\u00fcn,\u00a0DEM Parti\u00a0\u00fcst\u00fc bir \u00f6rg\u00fctlenme sistemi oldu\u011fu, \u00f6zellikle \u00f6rg\u00fctlenme konusunda \u00e7al\u0131\u015fmalar y\u00fcr\u00fcten \u00f6rg\u00fct b\u00fcnyesindeki olu\u015fumlar\u0131n (DBP, HDK) \u00f6rg\u00fct\u00fcn taban (halk) \u00f6rg\u00fctleme sistemini geli\u015ftiren ve y\u00f6neten esas kurumlar oldu\u011fu anla\u015f\u0131lm\u0131\u015ft\u0131r&#8221; denildi.<\/p>\n<h3>CHP&#8217;DEN OPERASYONA \u0130L\u0130\u015eK\u0130N \u0130LK A\u00c7IKLAMA<\/h3>\n<p>CHP Genel Ba\u015fkan Yard\u0131mc\u0131s\u0131 Burhanettin Bulut, \u0130stanbul Cumhuriyet Ba\u015fsavc\u0131l\u0131\u011f\u0131nca, &#8220;ter\u00f6r \u00f6rg\u00fct\u00fc ile koordineli olarak kent uzla\u015f\u0131s\u0131&#8221; ile se\u00e7ildikleri \u00f6ne s\u00fcr\u00fclen Kartal ve Ata\u015fehir belediye ba\u015fkan yard\u0131mc\u0131lar\u0131 ile di\u011fer belediyelerde g\u00f6revli 7 belediye meclis \u00fcyesi hakk\u0131nda g\u00f6zalt\u0131 karar\u0131 verilmesinin ard\u0131ndan sosyal medya hesab\u0131ndan payla\u015f\u0131m yapt\u0131.<\/p>\n<p>Bulut, yapt\u0131\u011f\u0131 payla\u015f\u0131mda, &#8220;Siyasalla\u015fm\u0131\u015f yarg\u0131y\u0131 sopa olarak kullanan iktidar, halk\u0131n belediyelerini itibars\u0131zla\u015ft\u0131rmak i\u00e7in &#8216;ter\u00f6r&#8217; k\u0131l\u0131f\u0131 alt\u0131nda siyasi kumpaslar\u0131na devam ediyor. \u0130stanbul Kartal ve Ata\u015fehir Belediye Ba\u015fkan yard\u0131mc\u0131lar\u0131m\u0131z\u0131n da bulundu\u011fu 9 belediye ba\u015fkan yard\u0131mc\u0131s\u0131 ve belediye meclis \u00fcyeleri hakk\u0131nda ter\u00f6r soru\u015fturmas\u0131 ba\u015flatm\u0131\u015flar. Halk\u0131n g\u00f6z\u00fcnden de g\u00f6nl\u00fcnden de d\u00fc\u015ft\u00fckleri i\u00e7in siyasi kumpaslardan medet umuyorlar. Bir sand\u0131kl\u0131k iktidarlar\u0131 kald\u0131&#8221; ifadelerine yer verdi.<\/p>\n<h3>B\u0130R TEPK\u0130 DE CHP&#8217;L\u0130 BA\u015eARIR&#8217;DAN<\/h3>\n<p>CHP Grup Ba\u015fkanvekili Ali Mahir Ba\u015far\u0131r da ter\u00f6r operasyonuna ili\u015fkin sosyal medya hesab\u0131ndan payla\u015f\u0131m yapt\u0131. Ba\u015far\u0131r yapt\u0131\u011f\u0131 payla\u015f\u0131mda \u015funlar\u0131 kaydetti; &#8220;Rezalet bir kararla g\u00fcne uyand\u0131k! Kartal ve Ata\u015fehir Belediye Ba\u015fkan yard\u0131mc\u0131lar\u0131m\u0131z ve belediye meclis \u00fcyelerimize mesnetsiz bir soru\u015fturma a\u00e7\u0131lm\u0131\u015ft\u0131r. \u015eafak operasyonlar\u0131yla siyaseti dizayn etmeye \u00e7al\u0131\u015fanlar, bu \u00fclkenin ger\u00e7ek g\u00fcndemini yoksullu\u011fu, sefaleti \u00f6rtbas edemez! Ba\u015fsavc\u0131l\u0131\u011f\u0131 Saray&#8217;\u0131n \u0130leti\u015fim Ba\u015fkanl\u0131\u011f\u0131 gibi kullananlar, hukuku silah haline getirenler bilsin ki: Bu \u00e7\u00fcr\u00fcm\u00fc\u015f d\u00fczeni de\u011fi\u015ftirece\u011fiz! Korkmayaca\u011f\u0131z, sinmeyece\u011fiz!&#8221;<\/p>\n<p><img decoding=\"async\" src=\"https:\/\/foto.sondakika.com\/haber\/2025\/02\/11\/istanbul-da-cok-sayida-chp-li-belediyeye-teror-18359599_8000_amp.jpg\" alt=\"\u0130stanbul\\'da 9 belediyeye ter\u00f6r operasyonu\" \/><\/p>\n<p><strong>KAYNAK : SONDAK\u0130KA<\/strong><\/p>\n","protected":false},"excerpt":{"rendered":"<p>\u0130stanbul&#8217;da 9 belediyeye ter\u00f6r soru\u015fturmas\u0131 kapsam\u0131nda yap\u0131lan operasyonda, aralar\u0131nda Kartal Belediye Ba\u015fkan Yard\u0131mc\u0131s\u0131 ve Ata\u015fehir Belediye Ba\u015fkan Yard\u0131mc\u0131s\u0131&#8217;n\u0131n da bulundu\u011fu 9 \u015f\u00fcpheli g\u00f6zalt\u0131na al\u0131nd\u0131. Polis ekipleri g\u00f6zalt\u0131na al\u0131nan ki\u015filerin ev ve makam odalar\u0131nda arama yap\u0131yor. \u0130stanbul Cumhuriyet Ba\u015fsavc\u0131l\u0131\u011f\u0131, belediyelere yeni bir operasyon yap\u0131ld\u0131\u011f\u0131n\u0131 duyurdu. &#8216;Kent uzla\u015f\u0131s\u0131&#8217; operasyonlar\u0131nda\u00a0Kartal\u00a0ve\u00a0Ata\u015fehir\u00a0belediye ba\u015fkan yard\u0131mc\u0131lar\u0131 ile di\u011fer belediyelerde g\u00f6revli 7 belediye [&hellip;]<\/p>\n","protected":false},"author":1,"featured_media":2305,"comment_status":"closed","ping_status":"closed","sticky":false,"template":"","format":"standard","meta":{"footnotes":""},"categories":[7,39],"tags":[213,212,158,66,208,51,210,79,211,78,209],"class_list":["post-2304","post","type-post","status-publish","format-standard","has-post-thumbnail","hentry","category-gundem","category-haber","tag-atasehir","tag-belediye","tag-beyoglu","tag-cumhuriyetbassavciligi","tag-demparti","tag-gozalti","tag-kartal","tag-operasyon","tag-sisli","tag-teror","tag-uskudar"],"_links":{"self":[{"href":"https:\/\/avukatimtv.com\/index.php\/wp-json\/wp\/v2\/posts\/2304","targetHints":{"allow":["GET"]}}],"collection":[{"href":"https:\/\/avukatimtv.com\/index.php\/wp-json\/wp\/v2\/posts"}],"about":[{"href":"https:\/\/avukatimtv.com\/index.php\/wp-json\/wp\/v2\/types\/post"}],"author":[{"embeddable":true,"href":"https:\/\/avukatimtv.com\/index.php\/wp-json\/wp\/v2\/users\/1"}],"replies":[{"embeddable":true,"href":"https:\/\/avukatimtv.com\/index.php\/wp-json\/wp\/v2\/comments?post=2304"}],"version-history":[{"count":1,"href":"https:\/\/avukatimtv.com\/index.php\/wp-json\/wp\/v2\/posts\/2304\/revisions"}],"predecessor-version":[{"id":2306,"href":"https:\/\/avukatimtv.com\/index.php\/wp-json\/wp\/v2\/posts\/2304\/revisions\/2306"}],"wp:featuredmedia":[{"embeddable":true,"href":"https:\/\/avukatimtv.com\/index.php\/wp-json\/wp\/v2\/media\/2305"}],"wp:attachment":[{"href":"https:\/\/avukatimtv.com\/index.php\/wp-json\/wp\/v2\/media?parent=2304"}],"wp:term":[{"taxonomy":"category","embeddable":true,"href":"https:\/\/avukatimtv.com\/index.php\/wp-json\/wp\/v2\/categories?post=2304"},{"taxonomy":"post_tag","embeddable":true,"href":"https:\/\/avukatimtv.com\/index.php\/wp-json\/wp\/v2\/tags?post=2304"}],"curies":[{"name":"wp","href":"https:\/\/api.w.org\/{rel}","templated":true}]}}