{"id":2307,"date":"2025-02-11T11:31:44","date_gmt":"2025-02-11T08:31:44","guid":{"rendered":"https:\/\/avukatimtv.com\/?p=2307"},"modified":"2025-02-11T11:31:44","modified_gmt":"2025-02-11T08:31:44","slug":"adanada-is-yerine-silahli-saldiri-3-olu","status":"publish","type":"post","link":"https:\/\/avukatimtv.com\/index.php\/2025\/02\/11\/adanada-is-yerine-silahli-saldiri-3-olu\/","title":{"rendered":"Adana\u2019da i\u015f yerine silahl\u0131 sald\u0131r\u0131: 3 \u00f6l\u00fc"},"content":{"rendered":"<h2 id=\"content\" class=\"content font-normal text-gray-700 text-xl lg:text-2xl leading-6 mb-8 mt-8 block \">Adana&#8217;da medikal sa\u011fl\u0131k \u00fcr\u00fcnleri satan i\u015f yerine d\u00fczenledi\u011fi silahl\u0131 sald\u0131r\u0131da kay\u0131nbaba ve 2 damad\u0131n\u0131 \u00f6ld\u00fcren 20 ya\u015f\u0131ndaki \u015f\u00fcpheli yakaland\u0131. \u015e\u00fcphelinin i\u015f yerine \u00e7ift tabanca ile gelerek mermileri bitene kadar ate\u015f a\u00e7t\u0131\u011f\u0131 \u00f6\u011frenildi.<\/h2>\n<div id=\"content\" class=\"content news-detail__content font-normal text-gray-45 text-base font-setting\">\n<p>Olay, saat 18.00 s\u0131ralar\u0131nda Seyhan il\u00e7esine ba\u011fl\u0131 Yeni Baraj Mahallesi Hac\u0131 \u00d6mer Sabanc\u0131 Bulvar\u0131&#8217;nda medikal \u00fcr\u00fcnler satan bir i\u015f yerinde meydana geldi. \u0130ddiaya g\u00f6re, elinde \u00e7ift tabanca ile i\u015f yerine giren Talat A. (20), mermileri bitene kadar ate\u015f a\u00e7\u0131p, daha sonra otomobille ka\u00e7t\u0131. A\u00e7\u0131lan ate\u015f sonucunda i\u00e7eride bulunan Fuat Kalayc\u0131k (64) ile damatlar\u0131 \u00d6zg\u00fcr Ozan Ekinci (43) ve O\u011fuzhan S\u00f6ylemezler (29) kanlar i\u00e7erisine yere y\u0131\u011f\u0131ld\u0131. \u0130hbar \u00fczerine adrese \u00e7ok say\u0131da polis ve sa\u011fl\u0131k ekibi sevk edildi. B\u00f6lgeye gelen sa\u011fl\u0131k ekipleri, vurulan 3 ki\u015finin de olay yerinde hayat\u0131n\u0131 kaybetti\u011fini belirledi. Yap\u0131lan incelemelerin ard\u0131ndan 3 ki\u015finin cenazeleri Adana Adli T\u0131p Kurumu morguna kald\u0131r\u0131ld\u0131.<\/p>\n<p><strong>Ka\u00e7arken yakaland\u0131<\/strong><\/p>\n<p>Seyhan \u0130l\u00e7e Emniyet M\u00fcd\u00fcrl\u00fc\u011f\u00fc, otomobiliyle ka\u00e7an Talat A.&#8217;y\u0131 yakalamak i\u00e7in \u00e7al\u0131\u015fma ba\u015flatt\u0131. Seyhan \u0130l\u00e7e Emniyet M\u00fcd\u00fcrl\u00fc\u011f\u00fcne ba\u011fl\u0131 devriye ekipleri, katil zanl\u0131s\u0131n\u0131n bulundu\u011fu arac\u0131n plakas\u0131n\u0131 telsiz ile merkeze bildirdi. Haber merkezi bunun \u00fczerine PTS&#8217;leri ve KGYS kameralar\u0131n\u0131 inceleyerek \u015f\u00fcphelinin yerini tespit etti. Sar\u0131\u00e7am il\u00e7esi Hekimk\u00f6y Bulvar\u0131&#8217;nda Trafik Denetleme \u015eube M\u00fcd\u00fcrl\u00fc\u011f\u00fc ekipleri yolu kesti. Asayi\u015f \u015eube M\u00fcd\u00fcrl\u00fc\u011f\u00fcne ba\u011fl\u0131 Cinayet ve Yunus polisleri \u015f\u00fcpheliyi arac\u0131nda k\u0131sk\u0131vrak yakalad\u0131. Olayda kullan\u0131lan 2 tabanca da ele ge\u00e7irildi. \u015e\u00fcpheli g\u00f6zalt\u0131na al\u0131n\u0131rken, cinayetin nedeni ara\u015ft\u0131r\u0131l\u0131yor.<br \/>\n\u00d6te yandan, ac\u0131 haberi alarak olay yerine gelen \u00f6len ki\u015filerin yak\u0131nlar\u0131 g\u00f6zya\u015f\u0131na bo\u011fuldu.<\/p>\n<p><strong>KAYNAK :\u0130HA<\/strong><\/p>\n<\/div>\n","protected":false},"excerpt":{"rendered":"<p>Adana&#8217;da medikal sa\u011fl\u0131k \u00fcr\u00fcnleri satan i\u015f yerine d\u00fczenledi\u011fi silahl\u0131 sald\u0131r\u0131da kay\u0131nbaba ve 2 damad\u0131n\u0131 \u00f6ld\u00fcren 20 ya\u015f\u0131ndaki \u015f\u00fcpheli yakaland\u0131. \u015e\u00fcphelinin i\u015f yerine \u00e7ift tabanca ile gelerek mermileri bitene kadar ate\u015f a\u00e7t\u0131\u011f\u0131 \u00f6\u011frenildi. Olay, saat 18.00 s\u0131ralar\u0131nda Seyhan il\u00e7esine ba\u011fl\u0131 Yeni Baraj Mahallesi Hac\u0131 \u00d6mer Sabanc\u0131 Bulvar\u0131&#8217;nda medikal \u00fcr\u00fcnler satan bir i\u015f yerinde meydana geldi. \u0130ddiaya [&hellip;]<\/p>\n","protected":false},"author":1,"featured_media":2308,"comment_status":"closed","ping_status":"closed","sticky":false,"template":"","format":"standard","meta":{"footnotes":""},"categories":[7,39,117],"tags":[128,61,215,60,214,52,49,50,183,139,72],"class_list":["post-2307","post","type-post","status-publish","format-standard","has-post-thumbnail","hentry","category-gundem","category-haber","category-olay","tag-adana","tag-adlitipkurumu","tag-ates","tag-cinayet","tag-mermi","tag-olay","tag-polis","tag-saldiri","tag-seyhan","tag-silah","tag-supheli"],"_links":{"self":[{"href":"https:\/\/avukatimtv.com\/index.php\/wp-json\/wp\/v2\/posts\/2307","targetHints":{"allow":["GET"]}}],"collection":[{"href":"https:\/\/avukatimtv.com\/index.php\/wp-json\/wp\/v2\/posts"}],"about":[{"href":"https:\/\/avukatimtv.com\/index.php\/wp-json\/wp\/v2\/types\/post"}],"author":[{"embeddable":true,"href":"https:\/\/avukatimtv.com\/index.php\/wp-json\/wp\/v2\/users\/1"}],"replies":[{"embeddable":true,"href":"https:\/\/avukatimtv.com\/index.php\/wp-json\/wp\/v2\/comments?post=2307"}],"version-history":[{"count":1,"href":"https:\/\/avukatimtv.com\/index.php\/wp-json\/wp\/v2\/posts\/2307\/revisions"}],"predecessor-version":[{"id":2309,"href":"https:\/\/avukatimtv.com\/index.php\/wp-json\/wp\/v2\/posts\/2307\/revisions\/2309"}],"wp:featuredmedia":[{"embeddable":true,"href":"https:\/\/avukatimtv.com\/index.php\/wp-json\/wp\/v2\/media\/2308"}],"wp:attachment":[{"href":"https:\/\/avukatimtv.com\/index.php\/wp-json\/wp\/v2\/media?parent=2307"}],"wp:term":[{"taxonomy":"category","embeddable":true,"href":"https:\/\/avukatimtv.com\/index.php\/wp-json\/wp\/v2\/categories?post=2307"},{"taxonomy":"post_tag","embeddable":true,"href":"https:\/\/avukatimtv.com\/index.php\/wp-json\/wp\/v2\/tags?post=2307"}],"curies":[{"name":"wp","href":"https:\/\/api.w.org\/{rel}","templated":true}]}}