{"id":2310,"date":"2025-02-11T11:54:37","date_gmt":"2025-02-11T08:54:37","guid":{"rendered":"https:\/\/avukatimtv.com\/?p=2310"},"modified":"2025-02-11T11:54:37","modified_gmt":"2025-02-11T08:54:37","slug":"guvenlik-gorevlisi-trafikte-tartistigi-halk-otobusu-soforlerini-bicakla-yaraladi","status":"publish","type":"post","link":"https:\/\/avukatimtv.com\/index.php\/2025\/02\/11\/guvenlik-gorevlisi-trafikte-tartistigi-halk-otobusu-soforlerini-bicakla-yaraladi\/","title":{"rendered":"G\u00fcvenlik g\u00f6revlisi trafikte tart\u0131\u015ft\u0131\u011f\u0131 halk otob\u00fcs\u00fc \u015fof\u00f6rlerini b\u0131\u00e7akla yaralad\u0131"},"content":{"rendered":"<h2 id=\"content\" class=\"content font-normal text-gray-700 text-xl lg:text-2xl leading-6 mb-8 mt-8 block \">Antalya\u2019n\u0131n Alanya il\u00e7esinde trafikte tart\u0131\u015ft\u0131\u011f\u0131 halk otob\u00fcs\u00fc \u015fof\u00f6rlerine sald\u0131ran g\u00fcvenlik g\u00f6revlisi, 2 ki\u015fiyi b\u0131\u00e7akla yaralad\u0131.<\/h2>\n<div id=\"content\" class=\"content news-detail__content font-normal text-gray-45 text-base font-setting\">\n<p>Olay, sabah saatlerinde Alanya\u2019n\u0131n Mahmutlar Mahallesi Barbaros Caddesi \u00fczerinde meydana geldi. Edinilen bilgilere g\u00f6re, Alanya Belediyesine ba\u011fl\u0131 halk otob\u00fcs\u00fc \u015fof\u00f6rleri, trafikte yol verme nedeniyle otomobilin s\u00fcr\u00fcc\u00fcs\u00fc Emre A. ile tart\u0131\u015fmaya ba\u015flad\u0131. Tart\u0131\u015fman\u0131n b\u00fcy\u00fcmesi ile iki farkl\u0131 otob\u00fcsten inen Ersin \u015e. ve Ahmet A. ile Emre A. aras\u0131nda kavga \u00e7\u0131kt\u0131. Emre A., yan\u0131ndaki b\u0131\u00e7akla 2 otob\u00fcs \u015fof\u00f6r\u00fcn\u00fc yaralad\u0131. \u00c7evredekilerin ihbar\u0131 \u00fczerine olay yerine jandarma ve ambulans ekipleri sevk edildi. Yaral\u0131 \u015fof\u00f6rler, yap\u0131lan ilk m\u00fcdahale sonras\u0131 hastaneye kald\u0131r\u0131ld\u0131. Yaral\u0131lar\u0131n sa\u011fl\u0131k durumlar\u0131n\u0131n iyi oldu\u011fu \u00f6\u011frenildi.<\/p>\n<p>Jandarma ekipleri taraf\u0131ndan g\u00f6zalt\u0131na al\u0131nan otomobil s\u00fcr\u00fcc\u00fcs\u00fc Emre A.\u2019n\u0131n \u00f6zel bir bankada g\u00fcvenlik g\u00f6revlisi olarak \u00e7al\u0131\u015ft\u0131\u011f\u0131 \u00f6\u011frenildi.<\/p>\n<p><strong>KAYNAK : \u0130HA<\/strong><\/p>\n<\/div>\n","protected":false},"excerpt":{"rendered":"<p>Antalya\u2019n\u0131n Alanya il\u00e7esinde trafikte tart\u0131\u015ft\u0131\u011f\u0131 halk otob\u00fcs\u00fc \u015fof\u00f6rlerine sald\u0131ran g\u00fcvenlik g\u00f6revlisi, 2 ki\u015fiyi b\u0131\u00e7akla yaralad\u0131. Olay, sabah saatlerinde Alanya\u2019n\u0131n Mahmutlar Mahallesi Barbaros Caddesi \u00fczerinde meydana geldi. Edinilen bilgilere g\u00f6re, Alanya Belediyesine ba\u011fl\u0131 halk otob\u00fcs\u00fc \u015fof\u00f6rleri, trafikte yol verme nedeniyle otomobilin s\u00fcr\u00fcc\u00fcs\u00fc Emre A. ile tart\u0131\u015fmaya ba\u015flad\u0131. Tart\u0131\u015fman\u0131n b\u00fcy\u00fcmesi ile iki farkl\u0131 otob\u00fcsten inen Ersin \u015e. [&hellip;]<\/p>\n","protected":false},"author":1,"featured_media":2311,"comment_status":"closed","ping_status":"closed","sticky":false,"template":"","format":"standard","meta":{"footnotes":""},"categories":[7,117],"tags":[104,82,218,217,216],"class_list":["post-2310","post","type-post","status-publish","format-standard","has-post-thumbnail","hentry","category-gundem","category-olay","tag-antalya","tag-bicak","tag-guvenlikgorevlisi","tag-halkotobusu","tag-trafik"],"_links":{"self":[{"href":"https:\/\/avukatimtv.com\/index.php\/wp-json\/wp\/v2\/posts\/2310","targetHints":{"allow":["GET"]}}],"collection":[{"href":"https:\/\/avukatimtv.com\/index.php\/wp-json\/wp\/v2\/posts"}],"about":[{"href":"https:\/\/avukatimtv.com\/index.php\/wp-json\/wp\/v2\/types\/post"}],"author":[{"embeddable":true,"href":"https:\/\/avukatimtv.com\/index.php\/wp-json\/wp\/v2\/users\/1"}],"replies":[{"embeddable":true,"href":"https:\/\/avukatimtv.com\/index.php\/wp-json\/wp\/v2\/comments?post=2310"}],"version-history":[{"count":1,"href":"https:\/\/avukatimtv.com\/index.php\/wp-json\/wp\/v2\/posts\/2310\/revisions"}],"predecessor-version":[{"id":2312,"href":"https:\/\/avukatimtv.com\/index.php\/wp-json\/wp\/v2\/posts\/2310\/revisions\/2312"}],"wp:featuredmedia":[{"embeddable":true,"href":"https:\/\/avukatimtv.com\/index.php\/wp-json\/wp\/v2\/media\/2311"}],"wp:attachment":[{"href":"https:\/\/avukatimtv.com\/index.php\/wp-json\/wp\/v2\/media?parent=2310"}],"wp:term":[{"taxonomy":"category","embeddable":true,"href":"https:\/\/avukatimtv.com\/index.php\/wp-json\/wp\/v2\/categories?post=2310"},{"taxonomy":"post_tag","embeddable":true,"href":"https:\/\/avukatimtv.com\/index.php\/wp-json\/wp\/v2\/tags?post=2310"}],"curies":[{"name":"wp","href":"https:\/\/api.w.org\/{rel}","templated":true}]}}