{"id":2313,"date":"2025-02-11T12:18:47","date_gmt":"2025-02-11T09:18:47","guid":{"rendered":"https:\/\/avukatimtv.com\/?p=2313"},"modified":"2025-02-11T12:18:47","modified_gmt":"2025-02-11T09:18:47","slug":"olumumuzden-o-sorumludur-paylasimi-yapan-baba-kanlar-icinde-kizi-ise-olu-bulundu","status":"publish","type":"post","link":"https:\/\/avukatimtv.com\/index.php\/2025\/02\/11\/olumumuzden-o-sorumludur-paylasimi-yapan-baba-kanlar-icinde-kizi-ise-olu-bulundu\/","title":{"rendered":"&#8221;\u00d6l\u00fcm\u00fcm\u00fczden o sorumludur&#8221; payla\u015f\u0131m\u0131 yapan baba kanlar i\u00e7inde, k\u0131z\u0131 ise \u00f6l\u00fc bulundu"},"content":{"rendered":"<p><img decoding=\"async\" src=\"https:\/\/foto.sondakika.com\/haber\/2025\/02\/11\/olumumuzden-o-sorumludur-paylasimi-yapan-baba-18360587_1972_amp.jpg\" alt=\"\\'\\'\u00d6l\u00fcm\u00fcm\u00fczden o sorumludur\\'\\' payla\u015f\u0131m\u0131 yapan baba kanlar i\u00e7inde, k\u0131z\u0131 ise \u00f6l\u00fc bulundu\" \/><\/p>\n<h2 class=\"mt10 haber_ozet\">Tekirda\u011f&#8217;da bir \u015fah\u0131s, sosyal medya hesab\u0131ndan &#8220;\u00d6l\u00fcm\u00fcm\u00fczden eski e\u015fim sorumludur&#8221; payla\u015f\u0131m\u0131 yapt\u0131. Payla\u015f\u0131m\u0131 g\u00f6renlerin ihbar\u0131 \u00fczerine eve \u00e7ilingirle giren ekipler; \u015fahs\u0131 yaral\u0131 halde, 13 ya\u015f\u0131ndaki k\u0131z\u0131n\u0131n ise cans\u0131z bedenini buldu.Tekirda\u011f d\u00fcn ak\u015fam saatlerinde ya\u015fanan korkun\u00e7 olayla sars\u0131ld\u0131. Bir s\u00fcre \u00f6nce e\u015finden bo\u015fanan A.Y.&#8217;nin sosyal medyadan eski e\u015fini su\u00e7layarak yapt\u0131\u011f\u0131 payla\u015f\u0131m\u0131 g\u00f6renler h\u0131zla 112 Acil \u00c7a\u011fr\u0131 Merkezi&#8217;ne ba\u015fvurdu. \u00c7ok ge\u00e7meden evdeki korkun\u00e7 manzarayla ac\u0131 haber geldi.<\/h2>\n<h3>&#8220;B\u0130Z\u0130M \u00d6L\u00dcM\u00dcM\u00dcZDEN O SORUMLUDUR&#8221;<\/h3>\n<p>Olay, d\u00fcn ak\u015fam saatlerinde \u00c7orlu&#8217;nun Hatipler Mahallesi Bedri Rahmi Caddesi&#8217;nde meydana geldi. Daha \u00f6nce e\u015finden bo\u015fanan ve fabrikada \u00e7al\u0131\u015fan A.Y., ak\u015fam saatlerinde sosyal medya hesab\u0131ndan eski e\u015fini kastederek, &#8220;Bizim \u00f6lmemizde b\u00fct\u00fcn sorumlu G.U.&#8217;dur. Hakk\u0131n\u0131z\u0131 helal edin. Eyvallah&#8221; notunu payla\u015ft\u0131.<\/p>\n<h3>B\u0130LEKLER\u0130 KES\u0130KT\u0130, KIZI \u0130SE \u00d6L\u00dc BULUNDU<\/h3>\n<p>Payla\u015f\u0131m\u0131 g\u00f6r\u00fcp A.Y.&#8217;ye ula\u015famayan yak\u0131nlar\u0131, durumu 112 Acil \u00c7a\u011fr\u0131 Merkezi&#8217;ne bildirdi. Adrese sevk edilen polis ve sa\u011fl\u0131k ekipleri, daireye \u00e7ilingir yard\u0131m\u0131 ile girdi. Ekipler, bileklerinde kesik bulunan baba A.Y.&#8217;yi a\u011f\u0131r yaral\u0131, ortaokul \u00f6\u011frencisi k\u0131z\u0131 S.D.Y&#8217;yi ise \u00f6l\u00fc buldu.<\/p>\n<p><strong>KAYNAK :SONDAK\u0130KA<\/strong><\/p>\n","protected":false},"excerpt":{"rendered":"<p>Tekirda\u011f&#8217;da bir \u015fah\u0131s, sosyal medya hesab\u0131ndan &#8220;\u00d6l\u00fcm\u00fcm\u00fczden eski e\u015fim sorumludur&#8221; payla\u015f\u0131m\u0131 yapt\u0131. Payla\u015f\u0131m\u0131 g\u00f6renlerin ihbar\u0131 \u00fczerine eve \u00e7ilingirle giren ekipler; \u015fahs\u0131 yaral\u0131 halde, 13 ya\u015f\u0131ndaki k\u0131z\u0131n\u0131n ise cans\u0131z bedenini buldu.Tekirda\u011f d\u00fcn ak\u015fam saatlerinde ya\u015fanan korkun\u00e7 olayla sars\u0131ld\u0131. Bir s\u00fcre \u00f6nce e\u015finden bo\u015fanan A.Y.&#8217;nin sosyal medyadan eski e\u015fini su\u00e7layarak yapt\u0131\u011f\u0131 payla\u015f\u0131m\u0131 g\u00f6renler h\u0131zla 112 Acil \u00c7a\u011fr\u0131 [&hellip;]<\/p>\n","protected":false},"author":1,"featured_media":2314,"comment_status":"closed","ping_status":"closed","sticky":false,"template":"","format":"standard","meta":{"footnotes":""},"categories":[7],"tags":[219,220,181,153,196],"class_list":["post-2313","post","type-post","status-publish","format-standard","has-post-thumbnail","hentry","category-gundem","tag-acilcagri","tag-ihbar","tag-olum","tag-sosyalmedya","tag-tekirdag"],"_links":{"self":[{"href":"https:\/\/avukatimtv.com\/index.php\/wp-json\/wp\/v2\/posts\/2313","targetHints":{"allow":["GET"]}}],"collection":[{"href":"https:\/\/avukatimtv.com\/index.php\/wp-json\/wp\/v2\/posts"}],"about":[{"href":"https:\/\/avukatimtv.com\/index.php\/wp-json\/wp\/v2\/types\/post"}],"author":[{"embeddable":true,"href":"https:\/\/avukatimtv.com\/index.php\/wp-json\/wp\/v2\/users\/1"}],"replies":[{"embeddable":true,"href":"https:\/\/avukatimtv.com\/index.php\/wp-json\/wp\/v2\/comments?post=2313"}],"version-history":[{"count":1,"href":"https:\/\/avukatimtv.com\/index.php\/wp-json\/wp\/v2\/posts\/2313\/revisions"}],"predecessor-version":[{"id":2315,"href":"https:\/\/avukatimtv.com\/index.php\/wp-json\/wp\/v2\/posts\/2313\/revisions\/2315"}],"wp:featuredmedia":[{"embeddable":true,"href":"https:\/\/avukatimtv.com\/index.php\/wp-json\/wp\/v2\/media\/2314"}],"wp:attachment":[{"href":"https:\/\/avukatimtv.com\/index.php\/wp-json\/wp\/v2\/media?parent=2313"}],"wp:term":[{"taxonomy":"category","embeddable":true,"href":"https:\/\/avukatimtv.com\/index.php\/wp-json\/wp\/v2\/categories?post=2313"},{"taxonomy":"post_tag","embeddable":true,"href":"https:\/\/avukatimtv.com\/index.php\/wp-json\/wp\/v2\/tags?post=2313"}],"curies":[{"name":"wp","href":"https:\/\/api.w.org\/{rel}","templated":true}]}}