{"id":2316,"date":"2025-02-12T11:16:49","date_gmt":"2025-02-12T08:16:49","guid":{"rendered":"https:\/\/avukatimtv.com\/?p=2316"},"modified":"2025-02-12T11:16:49","modified_gmt":"2025-02-12T08:16:49","slug":"balikesirde-vatandaslari-gasbeden-5-sahis-yakalandi","status":"publish","type":"post","link":"https:\/\/avukatimtv.com\/index.php\/2025\/02\/12\/balikesirde-vatandaslari-gasbeden-5-sahis-yakalandi\/","title":{"rendered":"Bal\u0131kesir\u2019de vatanda\u015flar\u0131 gasbeden 5 \u015fah\u0131s yakaland\u0131"},"content":{"rendered":"<h2 id=\"content\" class=\"content font-normal text-gray-700 text-xl lg:text-2xl leading-6 mb-8 mt-8 block \">Bal\u0131kesir\u2019de sahte polis kimli\u011fi g\u00f6sterip vatanda\u015flar\u0131 gasbeden 5 \u015fah\u0131s, polis ekipleri taraf\u0131ndan yakaland\u0131.<\/h2>\n<div id=\"content\" class=\"content news-detail__content font-normal text-gray-45 text-base font-setting\">\n<p>Edinilen bilgiye g\u00f6re, 17 Ocak 2025 tarihinde Bal\u0131kesir\u2019in Karesi il\u00e7esi Ege Mahallesi\u2019nde 4 \u015fahs\u0131n sahte polis kimli\u011fi g\u00f6sterip, kimlik kontrol\u00fc yapt\u0131klar\u0131 vatanda\u015flar\u0131 tabanca g\u00f6sterip darp ederek toplam 57 bin TL paralar\u0131n\u0131 gasbetti\u011fi, odaya kilitleyerek olay yerinden ka\u00e7t\u0131klar\u0131 belirlendi. Bal\u0131kesir \u0130l Emniyet M\u00fcd\u00fcrl\u00fc\u011f\u00fc Asayi\u015f \u015eube M\u00fcd\u00fcrl\u00fc\u011f\u00fc Gasp B\u00fcro Amirli\u011fi ekiplerince ba\u015flat\u0131lan \u00e7al\u0131\u015fmalar neticesinde, 37 ayr\u0131 g\u00fcvenlik kameras\u0131 145 saatlik g\u00f6r\u00fcnt\u00fc incelemesi ve analizi, PTS ve KGYS g\u00f6r\u00fcnt\u00fclerinin detayl\u0131 incelenmesi sonucu \u015f\u00fcpheli \u015fah\u0131slar\u0131n Bal\u0131kesir\u2019e \u0130stanbul\u2019dan geldikleri ve olay\u0131 ger\u00e7ekle\u015ftirdikten sonra \u0130stanbul\u2019a ka\u00e7t\u0131klar\u0131 belirlendi, Olay\u0131 ger\u00e7ekle\u015ftiren \u015fah\u0131slar\u0131n C.A., \u0130.Y, \u015e.G., F.G. ve A.B. isimli \u015fah\u0131slar oldu\u011fu tespit edildi. Al\u0131nan arama ve yakalama kararlar\u0131 gere\u011fince 5 \u015eubat 2025 g\u00fcn\u00fc \u0130stanbul ve Kocaeli\u2019de yap\u0131lan e\u015f zamanl\u0131 operasyon neticesinde olaya kar\u0131\u015fan 5 \u015f\u00fcpheli \u015fah\u0131s yakalanarak g\u00f6zalt\u0131na al\u0131nd\u0131, yap\u0131lan aramalarda olayda kulland\u0131klar\u0131 2 sahte kimlik ele ge\u00e7irildi. Yakalanan \u015fah\u0131slar adli makamlara sevk edilerek 5 \u015f\u00fcpheli tutuklanarak Kepsut L Tipi Kapal\u0131 Ceza \u0130nfaz Kurumuna teslim edildi.<\/p>\n<p><strong>KAYNAK : \u0130HA<\/strong><\/p>\n<\/div>\n","protected":false},"excerpt":{"rendered":"<p>Bal\u0131kesir\u2019de sahte polis kimli\u011fi g\u00f6sterip vatanda\u015flar\u0131 gasbeden 5 \u015fah\u0131s, polis ekipleri taraf\u0131ndan yakaland\u0131. Edinilen bilgiye g\u00f6re, 17 Ocak 2025 tarihinde Bal\u0131kesir\u2019in Karesi il\u00e7esi Ege Mahallesi\u2019nde 4 \u015fahs\u0131n sahte polis kimli\u011fi g\u00f6sterip, kimlik kontrol\u00fc yapt\u0131klar\u0131 vatanda\u015flar\u0131 tabanca g\u00f6sterip darp ederek toplam 57 bin TL paralar\u0131n\u0131 gasbetti\u011fi, odaya kilitleyerek olay yerinden ka\u00e7t\u0131klar\u0131 belirlendi. Bal\u0131kesir \u0130l Emniyet M\u00fcd\u00fcrl\u00fc\u011f\u00fc [&hellip;]<\/p>\n","protected":false},"author":1,"featured_media":2318,"comment_status":"closed","ping_status":"closed","sticky":false,"template":"","format":"standard","meta":{"footnotes":""},"categories":[7,39],"tags":[62,222,221,47,49,101],"class_list":["post-2316","post","type-post","status-publish","format-standard","has-post-thumbnail","hentry","category-gundem","category-haber","tag-balikesir","tag-cezainfazkurumu","tag-gasb","tag-haber","tag-polis","tag-sahte"],"_links":{"self":[{"href":"https:\/\/avukatimtv.com\/index.php\/wp-json\/wp\/v2\/posts\/2316","targetHints":{"allow":["GET"]}}],"collection":[{"href":"https:\/\/avukatimtv.com\/index.php\/wp-json\/wp\/v2\/posts"}],"about":[{"href":"https:\/\/avukatimtv.com\/index.php\/wp-json\/wp\/v2\/types\/post"}],"author":[{"embeddable":true,"href":"https:\/\/avukatimtv.com\/index.php\/wp-json\/wp\/v2\/users\/1"}],"replies":[{"embeddable":true,"href":"https:\/\/avukatimtv.com\/index.php\/wp-json\/wp\/v2\/comments?post=2316"}],"version-history":[{"count":1,"href":"https:\/\/avukatimtv.com\/index.php\/wp-json\/wp\/v2\/posts\/2316\/revisions"}],"predecessor-version":[{"id":2319,"href":"https:\/\/avukatimtv.com\/index.php\/wp-json\/wp\/v2\/posts\/2316\/revisions\/2319"}],"wp:featuredmedia":[{"embeddable":true,"href":"https:\/\/avukatimtv.com\/index.php\/wp-json\/wp\/v2\/media\/2318"}],"wp:attachment":[{"href":"https:\/\/avukatimtv.com\/index.php\/wp-json\/wp\/v2\/media?parent=2316"}],"wp:term":[{"taxonomy":"category","embeddable":true,"href":"https:\/\/avukatimtv.com\/index.php\/wp-json\/wp\/v2\/categories?post=2316"},{"taxonomy":"post_tag","embeddable":true,"href":"https:\/\/avukatimtv.com\/index.php\/wp-json\/wp\/v2\/tags?post=2316"}],"curies":[{"name":"wp","href":"https:\/\/api.w.org\/{rel}","templated":true}]}}