{"id":2326,"date":"2025-02-12T13:32:54","date_gmt":"2025-02-12T10:32:54","guid":{"rendered":"https:\/\/avukatimtv.com\/?p=2326"},"modified":"2025-02-12T13:32:54","modified_gmt":"2025-02-12T10:32:54","slug":"3-yil-sonra-gittigi-evde-uvey-annesinin-kemiklerini-buldu","status":"publish","type":"post","link":"https:\/\/avukatimtv.com\/index.php\/2025\/02\/12\/3-yil-sonra-gittigi-evde-uvey-annesinin-kemiklerini-buldu\/","title":{"rendered":"3 y\u0131l sonra gitti\u011fi evde \u00fcvey annesinin kemiklerini buldu"},"content":{"rendered":"<h2 class=\"mt10 haber_ozet\">\u0130zmir&#8217;in Konak il\u00e7esinde yakla\u015f\u0131k 3 y\u0131ld\u0131r kendisinden haber al\u0131namayan emekli hem\u015fire G\u00fcl\u015fen \u00c7o\u011fulu&#8217;nun yaln\u0131z ya\u015fad\u0131\u011f\u0131 evinde kemikleri bulundu. Pandemi s\u0131ras\u0131nda irtibatlar\u0131n\u0131n koptu\u011fu anla\u015f\u0131lan \u00fcvey o\u011flu R.\u00c7.&#8217;nin ba\u015fvurusu ile \u00f6ld\u00fc\u011f\u00fc ortaya \u00e7\u0131kan \u00c7o\u011fulu&#8217;nun oturdu\u011fu evde h\u0131rs\u0131zl\u0131k benzeri herhangi bir su\u00e7 unsuruna rastlamayan polis ekipleri olayla ilgili inceleme ba\u015flatt\u0131.Konak\u00a0il\u00e7esinde 4 katl\u0131 binan\u0131n en \u00fcst kat\u0131nda oturan\u00a0G\u00fcl\u015fen\u00a0\u00c7o\u011fulu, e\u015finin 23 y\u0131l \u00f6nce hayat\u0131n\u0131 kaybetmesi \u00fczerine yaln\u0131z ya\u015famaya ba\u015flad\u0131. Bu evlilikten \u00e7ocuklar\u0131 olmayan \u00c7o\u011fulu&#8217;nun e\u015finin ilk evlili\u011finden olan \u00fcvey o\u011flu R.\u00c7. ile de pandemi d\u00f6neminde irtibatlar\u0131n\u0131n koptu\u011fu \u00f6\u011frenildi. 3 y\u0131l sonra \u00fcvey annesine ula\u015famayan R.\u00c7., durumu polise bildirdi. Bunun \u00fczerine polis ekipleri, beraberinde R.\u00c7. ve \u00e7ilingirle birlikte \u00c7o\u011fulu&#8217;nun Barbaros Mahallesindeki evine gitti.<\/h2>\n<h3>YATAK ODASINDA KEM\u0130KLER\u0130 BULUNDU<\/h3>\n<p>\u00c7ilingir yard\u0131m\u0131yla eve giren polis ekipleri, \u00e7\u00f6p y\u0131\u011f\u0131n\u0131 i\u00e7erisindeki dairede yapt\u0131\u011f\u0131 incelemede yatak odas\u0131ndaki yatakta, \u00fczerindeki k\u0131yafeti k\u0131smen \u00e7\u00fcr\u00fcm\u00fc\u015f olan \u00c7o\u011fulu&#8217;nun kemikleriyle kar\u015f\u0131la\u015ft\u0131. Olay yeri inceleme ekiplerinin yapt\u0131\u011f\u0131 \u00e7al\u0131\u015fmada, \u00c7o\u011fulu&#8217;nun uzun s\u00fcre \u00f6nce hayat\u0131n\u0131 kaybetti\u011fi ve cesedinden sadece kemikler kald\u0131\u011f\u0131n\u0131 tespit edildi. Savc\u0131n\u0131n incelemesinin ard\u0131ndan \u00c7o\u011fulu&#8217;nun kemikleri\u00a0\u0130zmir\u00a0Adli T\u0131p Kurumu morguna kald\u0131r\u0131ld\u0131.\u00a0Polis\u00a0ekiplerinin evde yapt\u0131\u011f\u0131 detayl\u0131 incelemede herhangi bir h\u0131rs\u0131zl\u0131k ya da su\u00e7 unsuruna rastlan\u0131lmad\u0131.<\/p>\n<p><img decoding=\"async\" src=\"http:\/\/foto.sondakika.com\/haber\/2025\/02\/12\/3-yil-sonra-gittigi-evde-uvey-annesinin-18364047_6707_m.jpg\" alt=\"3 y\u0131l sonra gitti\u011fi evde \u00fcvey annesinin kemiklerini buldu\" \/><\/p>\n<h3>3 YIL SONRA EV\u0130NE G\u0130TM\u0130\u015e<\/h3>\n<p>Olayla ilgili soru\u015fturma ba\u015flatan polis ekipleri, kad\u0131n\u0131n \u00fcvey o\u011flu R.\u00c7.&#8217;nin ifadesine ba\u015fvurdu. R.\u00c7.&#8217;nin G\u00fcl\u015fen \u00c7o\u011fulu ile 3 y\u0131ld\u0131r g\u00f6r\u00fc\u015fmedi\u011fini ve asabi bir ki\u015fili\u011fe sahip oldu\u011funu belirtti\u011fi \u00fcvey annesinin telefon kullanmad\u0131\u011f\u0131n\u0131 da s\u00f6yledi\u011fi \u00f6\u011frenildi. Olayla ilgili soru\u015fturma s\u00fcrd\u00fcr\u00fcl\u00fcyor.<\/p>\n<p><strong>KAYNAK :DHA<\/strong><\/p>\n","protected":false},"excerpt":{"rendered":"<p>\u0130zmir&#8217;in Konak il\u00e7esinde yakla\u015f\u0131k 3 y\u0131ld\u0131r kendisinden haber al\u0131namayan emekli hem\u015fire G\u00fcl\u015fen \u00c7o\u011fulu&#8217;nun yaln\u0131z ya\u015fad\u0131\u011f\u0131 evinde kemikleri bulundu. Pandemi s\u0131ras\u0131nda irtibatlar\u0131n\u0131n koptu\u011fu anla\u015f\u0131lan \u00fcvey o\u011flu R.\u00c7.&#8217;nin ba\u015fvurusu ile \u00f6ld\u00fc\u011f\u00fc ortaya \u00e7\u0131kan \u00c7o\u011fulu&#8217;nun oturdu\u011fu evde h\u0131rs\u0131zl\u0131k benzeri herhangi bir su\u00e7 unsuruna rastlamayan polis ekipleri olayla ilgili inceleme ba\u015flatt\u0131.Konak\u00a0il\u00e7esinde 4 katl\u0131 binan\u0131n en \u00fcst kat\u0131nda oturan\u00a0G\u00fcl\u015fen\u00a0\u00c7o\u011fulu, e\u015finin [&hellip;]<\/p>\n","protected":false},"author":1,"featured_media":2324,"comment_status":"closed","ping_status":"closed","sticky":false,"template":"","format":"standard","meta":{"footnotes":""},"categories":[7,39],"tags":[226,225,49,227],"class_list":["post-2326","post","type-post","status-publish","format-standard","has-post-thumbnail","hentry","category-gundem","category-haber","tag-gulsen","tag-konak","tag-polis","tag-yasli-kadin"],"_links":{"self":[{"href":"https:\/\/avukatimtv.com\/index.php\/wp-json\/wp\/v2\/posts\/2326","targetHints":{"allow":["GET"]}}],"collection":[{"href":"https:\/\/avukatimtv.com\/index.php\/wp-json\/wp\/v2\/posts"}],"about":[{"href":"https:\/\/avukatimtv.com\/index.php\/wp-json\/wp\/v2\/types\/post"}],"author":[{"embeddable":true,"href":"https:\/\/avukatimtv.com\/index.php\/wp-json\/wp\/v2\/users\/1"}],"replies":[{"embeddable":true,"href":"https:\/\/avukatimtv.com\/index.php\/wp-json\/wp\/v2\/comments?post=2326"}],"version-history":[{"count":1,"href":"https:\/\/avukatimtv.com\/index.php\/wp-json\/wp\/v2\/posts\/2326\/revisions"}],"predecessor-version":[{"id":2327,"href":"https:\/\/avukatimtv.com\/index.php\/wp-json\/wp\/v2\/posts\/2326\/revisions\/2327"}],"wp:featuredmedia":[{"embeddable":true,"href":"https:\/\/avukatimtv.com\/index.php\/wp-json\/wp\/v2\/media\/2324"}],"wp:attachment":[{"href":"https:\/\/avukatimtv.com\/index.php\/wp-json\/wp\/v2\/media?parent=2326"}],"wp:term":[{"taxonomy":"category","embeddable":true,"href":"https:\/\/avukatimtv.com\/index.php\/wp-json\/wp\/v2\/categories?post=2326"},{"taxonomy":"post_tag","embeddable":true,"href":"https:\/\/avukatimtv.com\/index.php\/wp-json\/wp\/v2\/tags?post=2326"}],"curies":[{"name":"wp","href":"https:\/\/api.w.org\/{rel}","templated":true}]}}