{"id":2332,"date":"2025-02-13T12:32:57","date_gmt":"2025-02-13T09:32:57","guid":{"rendered":"https:\/\/avukatimtv.com\/?p=2332"},"modified":"2025-02-13T12:32:57","modified_gmt":"2025-02-13T09:32:57","slug":"esenyurtta-bir-sahis-parkta-kafasindan-vurulmus-halde-olu-bulundu","status":"publish","type":"post","link":"https:\/\/avukatimtv.com\/index.php\/2025\/02\/13\/esenyurtta-bir-sahis-parkta-kafasindan-vurulmus-halde-olu-bulundu\/","title":{"rendered":"Esenyurt&#8217;ta bir \u015fah\u0131s parkta kafas\u0131ndan vurulmu\u015f halde \u00f6l\u00fc bulundu"},"content":{"rendered":"<h2 class=\"mt10 haber_ozet\">\u0130stanbul Esenyurt&#8217;ta 35 ya\u015f\u0131ndaki \u0130brahim G\u00fclseren, parkta kafas\u0131ndan tek kur\u015funla vurulmu\u015f halde \u00f6l\u00fc olarak bulundu. Parkta k\u00f6pe\u011fini gezdiren bir \u015fahs\u0131n ihbar\u0131 \u00fczerine olay yerine intikal eden ekipler olayla ilgili \u00e7al\u0131\u015fma ba\u015flatt\u0131.<\/h2>\n<p>Esenyurt&#8217;ta 35 ya\u015f\u0131ndaki \u0130brahim G\u00fclseren, parkta kafas\u0131ndan vurulmu\u015f halde \u00f6l\u00fc bulundu. Parkta k\u00f6pe\u011fini gezdiren adam cans\u0131z bedeni g\u00f6r\u00fcp polise ihbar etti.\u00a0Polis\u00a0ekipleri olayla ilgili \u00e7al\u0131\u015fma ba\u015flatt\u0131.<\/p>\n<p>Olay, saat 09.00 s\u0131ralar\u0131nda Esenyurt\u00a0Cumhuriyet Mahallesi\u00a01981 sokak \u00fczerinde yer alan parkta meydana geldi. Sabah k\u00f6pe\u011fini gezdirmeye \u00e7\u0131kan bir vatanda\u015f park\u0131n k\u00f6\u015fesinde kanlar i\u00e7inde yatan bir \u015fah\u0131s g\u00f6rd\u00fc.<\/p>\n<p><img decoding=\"async\" src=\"https:\/\/foto.sondakika.com\/haber\/2025\/02\/13\/esenyurt-ta-bir-sahis-parkta-kafasindan-vurulmus-18369134_6815_amp.jpg\" alt=\"Esenyurt\\'ta bir \u015fah\u0131s parkta kafas\u0131ndan vurulmu\u015f halde \u00f6l\u00fc bulundu\" \/><\/p>\n<div class=\"wrapper detay-v3_3 haber_metni\">\n<h3>K\u0130ML\u0130\u011e\u0130 BELL\u0130 OLDU<\/h3>\n<p>Durumu polis ve sa\u011fl\u0131k ekiplerine bildirdi. \u0130hbar \u00fczerine olay yerine \u00e7ok say\u0131da polis ve sa\u011fl\u0131k ekibi sevk edildi. \u0130lk incelemelerin ard\u0131ndan \u015fahs\u0131n \u0130brahim G\u00fclseren (35) oldu\u011fu ve hayat\u0131n\u0131 kaybetti\u011fi tespit edildi.<\/p>\n<h3>POL\u0130S \u0130NCELEME BA\u015eLATTI<\/h3>\n<p>\u015eahs\u0131n kafas\u0131nda bir adet mermi giri\u015fi oldu\u011fu \u00f6\u011frenildi. \u0130brahim G\u00fclseren&#8217;in cans\u0131z bedeni olay yeri inceleme ekiplerinin \u00e7al\u0131\u015fmas\u0131n\u0131n ard\u0131ndan otopsi yap\u0131lmak \u00fczere Adli T\u0131p Kurumu Morgu&#8217;na kald\u0131r\u0131ld\u0131. Polis ekipleri olayla ilgili inceleme ba\u015flatt\u0131.<\/p>\n<\/div>\n<div class=\"haberkaynak\"><strong>Kaynak:\u00a0\u0130HA<\/strong><\/div>\n","protected":false},"excerpt":{"rendered":"<p>\u0130stanbul Esenyurt&#8217;ta 35 ya\u015f\u0131ndaki \u0130brahim G\u00fclseren, parkta kafas\u0131ndan tek kur\u015funla vurulmu\u015f halde \u00f6l\u00fc olarak bulundu. Parkta k\u00f6pe\u011fini gezdiren bir \u015fahs\u0131n ihbar\u0131 \u00fczerine olay yerine intikal eden ekipler olayla ilgili \u00e7al\u0131\u015fma ba\u015flatt\u0131. Esenyurt&#8217;ta 35 ya\u015f\u0131ndaki \u0130brahim G\u00fclseren, parkta kafas\u0131ndan vurulmu\u015f halde \u00f6l\u00fc bulundu. Parkta k\u00f6pe\u011fini gezdiren adam cans\u0131z bedeni g\u00f6r\u00fcp polise ihbar etti.\u00a0Polis\u00a0ekipleri olayla ilgili \u00e7al\u0131\u015fma [&hellip;]<\/p>\n","protected":false},"author":1,"featured_media":2330,"comment_status":"closed","ping_status":"closed","sticky":false,"template":"","format":"standard","meta":{"footnotes":""},"categories":[7,39],"tags":[228,152,47,220,229,49],"class_list":["post-2332","post","type-post","status-publish","format-standard","has-post-thumbnail","hentry","category-gundem","category-haber","tag-cumhuriyetmahallesi","tag-esenyurt","tag-haber","tag-ihbar","tag-park","tag-polis"],"_links":{"self":[{"href":"https:\/\/avukatimtv.com\/index.php\/wp-json\/wp\/v2\/posts\/2332","targetHints":{"allow":["GET"]}}],"collection":[{"href":"https:\/\/avukatimtv.com\/index.php\/wp-json\/wp\/v2\/posts"}],"about":[{"href":"https:\/\/avukatimtv.com\/index.php\/wp-json\/wp\/v2\/types\/post"}],"author":[{"embeddable":true,"href":"https:\/\/avukatimtv.com\/index.php\/wp-json\/wp\/v2\/users\/1"}],"replies":[{"embeddable":true,"href":"https:\/\/avukatimtv.com\/index.php\/wp-json\/wp\/v2\/comments?post=2332"}],"version-history":[{"count":1,"href":"https:\/\/avukatimtv.com\/index.php\/wp-json\/wp\/v2\/posts\/2332\/revisions"}],"predecessor-version":[{"id":2333,"href":"https:\/\/avukatimtv.com\/index.php\/wp-json\/wp\/v2\/posts\/2332\/revisions\/2333"}],"wp:featuredmedia":[{"embeddable":true,"href":"https:\/\/avukatimtv.com\/index.php\/wp-json\/wp\/v2\/media\/2330"}],"wp:attachment":[{"href":"https:\/\/avukatimtv.com\/index.php\/wp-json\/wp\/v2\/media?parent=2332"}],"wp:term":[{"taxonomy":"category","embeddable":true,"href":"https:\/\/avukatimtv.com\/index.php\/wp-json\/wp\/v2\/categories?post=2332"},{"taxonomy":"post_tag","embeddable":true,"href":"https:\/\/avukatimtv.com\/index.php\/wp-json\/wp\/v2\/tags?post=2332"}],"curies":[{"name":"wp","href":"https:\/\/api.w.org\/{rel}","templated":true}]}}