{"id":2334,"date":"2025-02-13T12:53:08","date_gmt":"2025-02-13T09:53:08","guid":{"rendered":"https:\/\/avukatimtv.com\/?p=2334"},"modified":"2025-02-13T12:53:08","modified_gmt":"2025-02-13T09:53:08","slug":"sokak-ortasinda-dehset-can-havliyle-is-yerine-siginan-genc-kadindan-aci-haber","status":"publish","type":"post","link":"https:\/\/avukatimtv.com\/index.php\/2025\/02\/13\/sokak-ortasinda-dehset-can-havliyle-is-yerine-siginan-genc-kadindan-aci-haber\/","title":{"rendered":"Sokak ortas\u0131nda deh\u015fet! Can havliyle i\u015f yerine s\u0131\u011f\u0131nan gen\u00e7 kad\u0131ndan ac\u0131 haber"},"content":{"rendered":"<h2 class=\"mt10 haber_ozet\">Nev\u015fehir&#8217;de sokak ortas\u0131nda ya\u015fanan deh\u015fet g\u00fcvenlik kameralar\u0131na yans\u0131d\u0131. Bir kad\u0131n sokak ortas\u0131nda y\u00fcr\u00fcrken eski e\u015fi taraf\u0131ndan vuruldu. Can havliyle yol kenar\u0131ndaki i\u015fyerine s\u0131\u011f\u0131nan kad\u0131n i\u00e7eri girer girmez oldu\u011fu yere y\u0131\u011f\u0131ld\u0131. Hastaneye kald\u0131r\u0131lan kad\u0131ndan ac\u0131 haber geldi.<\/h2>\n<p>Nev\u015fehir&#8217;de eski e\u015fi taraf\u0131ndan tabancayla vurularak a\u011f\u0131r yaralanan kad\u0131n ya\u015fam\u0131n\u0131 kaybetti. Bir s\u00fcre \u00f6nce e\u015finden bo\u015fanan S.N.\u015e. (26) ile eski e\u015fi E.Y, aras\u0131nda G\u00fczelyurt Mahallesi 215. Sokak&#8217;ta tart\u0131\u015fma \u00e7\u0131kt\u0131.<\/p>\n<h3>CAN HAVL\u0130YLE \u0130\u015e YER\u0130NE SI\u011eINDI AMA&#8230;<\/h3>\n<p>Tart\u0131\u015fman\u0131n kavgaya d\u00f6n\u00fc\u015fmesi \u00fczerine E.Y. tabancayla eski e\u015fine ate\u015f etti. Yaralanan kad\u0131n, sokaktaki bir i\u015f yerine s\u0131\u011f\u0131nd\u0131. \u0130hbar \u00fczerine olay yerine polis ve 112 Acil Sa\u011fl\u0131k ekipleri sevk edildi.Olay yerindeki ilk m\u00fcdahalesinin ard\u0131ndan Nev\u015fehir\u00a0Devlet Hastanesi&#8217;ne kald\u0131r\u0131lan kad\u0131n, yap\u0131lan m\u00fcdahaleye ra\u011fmen kurtar\u0131lamad\u0131. \u015e\u00fcpheli E.Y. ise bir s\u00fcre sonra polise teslim oldu<\/p>\n<p>Mehmet Karata\u015f\u00a0da silah sesi duyduklar\u0131n\u0131, ard\u0131ndan kad\u0131n\u0131n ko\u015farak i\u00e7eri girdi\u011fini, yaral\u0131 oldu\u011funu fark ettiklerinde zaman kaybetmeden 112&#8217;yi arad\u0131klar\u0131n\u0131 anlatt\u0131.<\/p>\n<p><img decoding=\"async\" src=\"https:\/\/foto.sondakika.com\/haber\/2025\/02\/13\/sokak-ortasinda-dehset-can-havliyle-is-yerine-18369160_7286_amp.jpg\" alt=\"Sokak ortas\u0131nda deh\u015fet! Can havliyle i\u015f yerine s\u0131\u011f\u0131nan gen\u00e7 kad\u0131ndan ac\u0131 haber\" \/><\/p>\n<p><strong>KAYNAK : AA<\/strong><\/p>\n","protected":false},"excerpt":{"rendered":"<p>Nev\u015fehir&#8217;de sokak ortas\u0131nda ya\u015fanan deh\u015fet g\u00fcvenlik kameralar\u0131na yans\u0131d\u0131. Bir kad\u0131n sokak ortas\u0131nda y\u00fcr\u00fcrken eski e\u015fi taraf\u0131ndan vuruldu. Can havliyle yol kenar\u0131ndaki i\u015fyerine s\u0131\u011f\u0131nan kad\u0131n i\u00e7eri girer girmez oldu\u011fu yere y\u0131\u011f\u0131ld\u0131. Hastaneye kald\u0131r\u0131lan kad\u0131ndan ac\u0131 haber geldi. Nev\u015fehir&#8217;de eski e\u015fi taraf\u0131ndan tabancayla vurularak a\u011f\u0131r yaralanan kad\u0131n ya\u015fam\u0131n\u0131 kaybetti. Bir s\u00fcre \u00f6nce e\u015finden bo\u015fanan S.N.\u015e. (26) ile [&hellip;]<\/p>\n","protected":false},"author":1,"featured_media":2335,"comment_status":"closed","ping_status":"closed","sticky":false,"template":"","format":"standard","meta":{"footnotes":""},"categories":[7,39,38],"tags":[231,233,207,232,230,49],"class_list":["post-2334","post","type-post","status-publish","format-standard","has-post-thumbnail","hentry","category-gundem","category-haber","category-hukuk","tag-devlethastanesi","tag-eskies","tag-kamera","tag-mehmetkaratas","tag-nevsehir","tag-polis"],"_links":{"self":[{"href":"https:\/\/avukatimtv.com\/index.php\/wp-json\/wp\/v2\/posts\/2334","targetHints":{"allow":["GET"]}}],"collection":[{"href":"https:\/\/avukatimtv.com\/index.php\/wp-json\/wp\/v2\/posts"}],"about":[{"href":"https:\/\/avukatimtv.com\/index.php\/wp-json\/wp\/v2\/types\/post"}],"author":[{"embeddable":true,"href":"https:\/\/avukatimtv.com\/index.php\/wp-json\/wp\/v2\/users\/1"}],"replies":[{"embeddable":true,"href":"https:\/\/avukatimtv.com\/index.php\/wp-json\/wp\/v2\/comments?post=2334"}],"version-history":[{"count":1,"href":"https:\/\/avukatimtv.com\/index.php\/wp-json\/wp\/v2\/posts\/2334\/revisions"}],"predecessor-version":[{"id":2336,"href":"https:\/\/avukatimtv.com\/index.php\/wp-json\/wp\/v2\/posts\/2334\/revisions\/2336"}],"wp:featuredmedia":[{"embeddable":true,"href":"https:\/\/avukatimtv.com\/index.php\/wp-json\/wp\/v2\/media\/2335"}],"wp:attachment":[{"href":"https:\/\/avukatimtv.com\/index.php\/wp-json\/wp\/v2\/media?parent=2334"}],"wp:term":[{"taxonomy":"category","embeddable":true,"href":"https:\/\/avukatimtv.com\/index.php\/wp-json\/wp\/v2\/categories?post=2334"},{"taxonomy":"post_tag","embeddable":true,"href":"https:\/\/avukatimtv.com\/index.php\/wp-json\/wp\/v2\/tags?post=2334"}],"curies":[{"name":"wp","href":"https:\/\/api.w.org\/{rel}","templated":true}]}}