{"id":2337,"date":"2025-02-13T13:43:22","date_gmt":"2025-02-13T10:43:22","guid":{"rendered":"https:\/\/avukatimtv.com\/?p=2337"},"modified":"2025-02-13T13:43:22","modified_gmt":"2025-02-13T10:43:22","slug":"eski-esini-bogazini-keserek-olduren-sanigin-kizi-babam-hicbir-zaman-cikamasin","status":"publish","type":"post","link":"https:\/\/avukatimtv.com\/index.php\/2025\/02\/13\/eski-esini-bogazini-keserek-olduren-sanigin-kizi-babam-hicbir-zaman-cikamasin\/","title":{"rendered":"Eski e\u015fini bo\u011faz\u0131n\u0131 keserek \u00f6ld\u00fcren san\u0131\u011f\u0131n k\u0131z\u0131: Babam hi\u00e7bir zaman \u00e7\u0131kamas\u0131n"},"content":{"rendered":"<h2 class=\"mt10 haber_ozet\">Sultangazi&#8217;de bo\u015fand\u0131\u011f\u0131 e\u015fi P\u0131nar Bekta\u015f&#8217;\u0131 silahla yaralay\u0131p bo\u011faz\u0131n\u0131 keserek \u00f6ld\u00fcren Tuncay Sa\u011f&#8217;\u0131n duru\u015fmas\u0131 yap\u0131ld\u0131. \u00c7iftin k\u0131z\u0131 Filiz Sa\u011f, mahkemede babas\u0131n\u0131n hi\u00e7bir zaman tahliye olmamas\u0131n\u0131 diledi. Mahkeme heyeti, san\u0131\u011f\u0131n tutukluluk halinin devam\u0131na karar vererek duru\u015fmay\u0131 erteledi.<\/h2>\n<p>Sultangazi&#8217;de 12 Kas\u0131m 2023 tarihinde meydana gelen olayda Tuncay Sa\u011f, bo\u015fand\u0131\u011f\u0131 e\u015fi\u00a0P\u0131nar\u00a0Bekta\u015f&#8217;\u0131n evine gitti. \u00c7iftin aras\u0131nda \u00e7\u0131kan tart\u0131\u015fman\u0131n b\u00fcy\u00fcmesi \u00fczerine Tuncay Sa\u011f eski e\u015fi P\u0131nar Bekta\u015f&#8217;a \u00f6nce yan\u0131ndaki silahla ate\u015f edip yaralad\u0131. Silah\u0131n bozulmas\u0131 \u00fczerine, Bekta\u015f&#8217;\u0131 mutfaktan ald\u0131\u011f\u0131 b\u0131\u00e7akla bo\u011faz\u0131n\u0131 keserek \u00f6ld\u00fcrd\u00fc.\u00a0Polis\u00a0taraf\u0131ndan g\u00f6zalt\u0131na al\u0131nan Tuncay Sa\u011f, emniyetteki ifadesinde cinayeti i\u015fledi\u011fini itiraf etti.<\/p>\n<h3>ALDATMA BAHANES\u0130NE SI\u011eINDI<\/h3>\n<p>\u0130stanbul Adliyesi\u00a0A\u011f\u0131r Ceza Mahkemesi&#8217;nde g\u00f6r\u00fclen davan\u0131n ilk duru\u015fmas\u0131nda savunma yapan Tuncay Sa\u011f, eski e\u015finin kendisini aldatt\u0131\u011f\u0131n\u0131 ve bir anda cinnet ge\u00e7irerek cinayeti i\u015fledi\u011fini s\u00f6yledi. Davan\u0131n d\u00fcn g\u00f6r\u00fclen duru\u015fmas\u0131nda, hayat\u0131n\u0131 kaybeden P\u0131nar Bekta\u015f&#8217;\u0131n ailesi ve taraf avukatlar\u0131 haz\u0131r bulunurken, tutuklu san\u0131k Tuncay Sa\u011f duru\u015fmaya bulundu\u011fu cezaevinden Sesli ve G\u00f6r\u00fcnt\u00fcl\u00fc Bili\u015fim Sistemi (SEGB\u0130S) arac\u0131l\u0131\u011f\u0131yla kat\u0131ld\u0131.<\/p>\n<p><img decoding=\"async\" src=\"https:\/\/foto.sondakika.com\/haber\/2025\/02\/13\/eski-esini-bogazini-keserek-olduren-sanigin-kizi-18369037_6734_m.jpg\" alt=\"Eski e\u015fini bo\u011faz\u0131n\u0131 keserek \u00f6ld\u00fcren san\u0131\u011f\u0131n k\u0131z\u0131: Babam hi\u00e7bir zaman \u00e7\u0131kamas\u0131n\" \/><\/p>\n<h3>&#8220;BABA B\u0130LE DEMEK \u0130STEM\u0130YORUM&#8221;<\/h3>\n<p>Duru\u015fma, \u00e7iftin olay s\u0131ras\u0131nda 9 ya\u015f\u0131nda olan k\u0131zlar\u0131 C.S.&#8217;nin pedagog e\u015fli\u011finde ifadesinin al\u0131nmas\u0131 ile ba\u015flad\u0131. Daha sonra \u00e7iftin b\u00fcy\u00fck k\u0131z\u0131 Filiz Sa\u011f, tan\u0131k olarak dinlendi. Filiz Sa\u011f ifadesinde, &#8220;O adama baba bile demek istemiyorum. Ama bize bir fiske bile vurmad\u0131. Fakat anneme yapt\u0131klar\u0131 zaten bize yetiyordu. Hatta bir g\u00fcn annemi yerde d\u00f6vd\u00fc\u011f\u00fcne ve b\u0131\u00e7a\u011f\u0131 annemin bo\u011faz\u0131na dayayarak tehdit etti\u011fine \u015fahidim. Ben \u015fu an burada san\u0131\u011f\u0131n k\u0131z\u0131 olarak ve k\u00fc\u00e7\u00fck k\u0131z karde\u015fimin annesi olarak duruyorum. Ger\u00e7ekten istedi\u011fim tek \u015fey babam\u0131n hi\u00e7bir zaman i\u00e7eriden \u00e7\u0131kmamas\u0131&#8221; dedi.<\/p>\n<h3>&#8220;BI\u00c7A\u011eI DI\u015eARIDAN GET\u0130RM\u0130\u015eT\u0130&#8221;<\/h3>\n<p>Tan\u0131k olarak ifade veren hayat\u0131n\u0131 kaybeden P\u0131nar Bekta\u015f&#8217;\u0131n ablas\u0131 M\u00fcjde\u00a0Nar\u00a0ise, &#8220;Karde\u015fim y\u0131llar boyu \u015fiddete ve hakarete maruz kald\u0131. P\u0131nar birka\u00e7 defa dayak yedi\u011finde bizim eve gelmi\u015fti. P\u0131nar s\u0131rf biraz fazla para kazabilsin diye gece yar\u0131lar\u0131na kadar \u00e7al\u0131\u015f\u0131yordu. Yorgun arg\u0131n eve gider, yine dayak yerdi. O sessiz, i\u00e7ine kapan\u0131k, sakin bir insand\u0131. Kimseye bula\u015fmazd\u0131. Kimseye bir k\u00f6t\u00fcl\u00fc\u011f\u00fc dokunmam\u0131\u015ft\u0131r. P\u0131nar hamile kald\u0131\u011f\u0131nda bile san\u0131\u011f\u0131n, &#8216;\u00c7ocuk\u00a0benden de\u011fil&#8217; diye ona iftira ataca\u011f\u0131n\u0131 biliyordu. S\u0131rf bu y\u00fczden korkudan 6 ay boyunca hamile oldu\u011funu bile s\u00f6ylememi\u015fti. Ben evde oturuyorken bir g\u00fcn beni arad\u0131. Bo\u015fanma davas\u0131 i\u00e7in adliyeye gidece\u011fini s\u00f6yledi. Ben de ne oldu\u011funu sordum. Bana, &#8216;Art\u0131k yapam\u0131yorum, daha fazla \u00e7ekemiyorum&#8217; dedi. P\u0131nar ve \u00e7ocuklar bizde kalmaya ba\u015flad\u0131. Bizim evin kap\u0131s\u0131 \u00e7ald\u0131\u011f\u0131nda bile \u00e7ocuklar korkudan arka odaya ka\u00e7\u0131yordu, babalar\u0131n\u0131n geldi\u011fini zannettikleri i\u00e7in.\u00a0Cinayet\u00a0g\u00fcn\u00fc biz P\u0131nar&#8217;la d\u0131\u015far\u0131ya \u00e7\u0131km\u0131\u015ft\u0131k. O s\u0131rada san\u0131k arad\u0131, P\u0131nar&#8217;a, &#8216;Neredesin? K\u0131z\u0131n\u0131 getirece\u011fim&#8217; dedi. San\u0131k eve gitmi\u015f, ayr\u0131ca b\u0131\u00e7a\u011f\u0131 d\u0131\u015far\u0131dan getirmi\u015fti. O b\u0131\u00e7ak P\u0131nar&#8217;\u0131n evinde de\u011fildi, onun b\u0131\u00e7a\u011f\u0131 de\u011fildi. Cinayetin planl\u0131 oldu\u011fu bile bundan belli&#8221; dedi.<\/p>\n<h3>E\u015e\u0130N\u0130 H\u0130\u00c7 D\u00d6VMED\u0130\u011e\u0130N\u0130 \u0130DD\u0130A ETT\u0130<\/h3>\n<p>Savunmas\u0131 i\u00e7in s\u00f6z verilen tutuklu san\u0131k Tuncay Sa\u011f, &#8220;Benim k\u0131z\u0131m ba\u015ftan sona yalan s\u00f6yl\u00fcyor. Ben e\u015fimi, \u00e7ocuklar\u0131m\u0131 seviyordum. Hi\u00e7bir zaman ne e\u015fime ne \u00e7ocuklar\u0131ma \u015fiddet uygulamad\u0131m. Bana inanm\u0131yorsan\u0131z mahallede kom\u015fular\u0131ma sorabilirsiniz. E\u015fim yasak a\u015fk ya\u015fam\u0131\u015ft\u0131. Bir insan kocas\u0131ndan hamile oldu\u011funu nas\u0131l saklar? Tan\u0131klar\u0131n hepsi ba\u015ftan sona yalan s\u00f6yl\u00fcyor. Yapt\u0131klar\u0131mdan pi\u015fman\u0131m&#8221; dedi.<\/p>\n<h3>DURU\u015eMA ERTELEND\u0130<\/h3>\n<p>Mahkeme heyeti, duru\u015fma savc\u0131s\u0131n\u0131n esas hakk\u0131ndaki m\u00fctalaas\u0131n\u0131 haz\u0131rlamas\u0131 amac\u0131yla Tuncay Sa\u011f&#8217;\u0131n tutukluluk halinin devam\u0131na karar vererek duru\u015fmay\u0131 ileri bir tarihe erteledi.<\/p>\n<h3>\u0130DD\u0130ANAMEDEN<\/h3>\n<p>Olayla ilgili haz\u0131rlanan iddianamede, \u015f\u00fcpheli Tuncay Sa\u011f&#8217;\u0131n olay g\u00fcn\u00fc k\u0131zlar\u0131 C.S&#8217;yi maktul P\u0131nar Bekta\u015f&#8217;\u0131n evinin \u00f6n\u00fcne b\u0131rakt\u0131ktan sonra kendi evine gitti\u011fi ve olayda kulland\u0131\u011f\u0131 silah\u0131 alarak P\u0131nar Bekta\u015f&#8217;\u0131n evine geri d\u00f6nd\u00fc\u011f\u00fc belirtildi. Bekta\u015f&#8217;\u0131n evinde taraflar aras\u0131nda tart\u0131\u015fma \u00e7\u0131kt\u0131\u011f\u0131 ve Tuncay Sa\u011f&#8217;\u0131n P\u0131nar Bekta\u015f&#8217;a bir el ate\u015f ettikten sonra silah\u0131n par\u00e7aland\u0131\u011f\u0131n\u0131n belirtildi\u011fi iddianamede, Sa\u011f&#8217;\u0131n mutfakta bulunan b\u0131\u00e7ak ile P\u0131nar Bekta\u015f&#8217;\u0131n bo\u011faz\u0131n\u0131 keserek \u00f6ld\u00fcrd\u00fc\u011f\u00fc vurguland\u0131. Cumhuriyet savc\u0131s\u0131n\u0131n iddianamedeki g\u00f6r\u00fc\u015f\u00fcnde, Sa\u011f&#8217;\u0131n eski e\u015fi P\u0131nar Bekta\u015f&#8217;\u0131n evine gitmeden \u00f6nce yan\u0131na silah almas\u0131 cinayeti tasarland\u0131\u011f\u0131 y\u00f6n\u00fcnde, Bekta\u015f&#8217;\u0131 b\u0131\u00e7akla bo\u011faz\u0131n\u0131 keserek \u00f6ld\u00fcrmesini ise cinayeti canavarca hisle i\u015fledi\u011fi y\u00f6n\u00fcnde de\u011ferlendirildi. \u0130ddianamede san\u0131k Tuncay Sa\u011f&#8217;\u0131n &#8216;Eski e\u015fe kar\u015f\u0131 tasarlayarak ve canavarca hisle kasten \u00f6ld\u00fcrme&#8217; su\u00e7undan a\u011f\u0131rla\u015ft\u0131r\u0131lm\u0131\u015f m\u00fcebbet hapis, &#8216;Ruhsats\u0131z silah ta\u015f\u0131mak ve bulundurmak&#8217; su\u00e7undan ise 1 y\u0131ldan 3 y\u0131la kadar hapis ile cezaland\u0131r\u0131lmas\u0131 talep edildi.<\/p>\n<p><strong>KAYNAK : DHA<\/strong><\/p>\n","protected":false},"excerpt":{"rendered":"<p>Sultangazi&#8217;de bo\u015fand\u0131\u011f\u0131 e\u015fi P\u0131nar Bekta\u015f&#8217;\u0131 silahla yaralay\u0131p bo\u011faz\u0131n\u0131 keserek \u00f6ld\u00fcren Tuncay Sa\u011f&#8217;\u0131n duru\u015fmas\u0131 yap\u0131ld\u0131. \u00c7iftin k\u0131z\u0131 Filiz Sa\u011f, mahkemede babas\u0131n\u0131n hi\u00e7bir zaman tahliye olmamas\u0131n\u0131 diledi. Mahkeme heyeti, san\u0131\u011f\u0131n tutukluluk halinin devam\u0131na karar vererek duru\u015fmay\u0131 erteledi. Sultangazi&#8217;de 12 Kas\u0131m 2023 tarihinde meydana gelen olayda Tuncay Sa\u011f, bo\u015fand\u0131\u011f\u0131 e\u015fi\u00a0P\u0131nar\u00a0Bekta\u015f&#8217;\u0131n evine gitti. \u00c7iftin aras\u0131nda \u00e7\u0131kan tart\u0131\u015fman\u0131n b\u00fcy\u00fcmesi \u00fczerine [&hellip;]<\/p>\n","protected":false},"author":1,"featured_media":2338,"comment_status":"closed","ping_status":"closed","sticky":false,"template":"","format":"standard","meta":{"footnotes":""},"categories":[7,39,38],"tags":[60,164,47,234,236,49,235],"class_list":["post-2337","post","type-post","status-publish","format-standard","has-post-thumbnail","hentry","category-gundem","category-haber","category-hukuk","tag-cinayet","tag-cocuk","tag-haber","tag-istanbuladliyesi","tag-pinar","tag-polis","tag-sultangazi"],"_links":{"self":[{"href":"https:\/\/avukatimtv.com\/index.php\/wp-json\/wp\/v2\/posts\/2337","targetHints":{"allow":["GET"]}}],"collection":[{"href":"https:\/\/avukatimtv.com\/index.php\/wp-json\/wp\/v2\/posts"}],"about":[{"href":"https:\/\/avukatimtv.com\/index.php\/wp-json\/wp\/v2\/types\/post"}],"author":[{"embeddable":true,"href":"https:\/\/avukatimtv.com\/index.php\/wp-json\/wp\/v2\/users\/1"}],"replies":[{"embeddable":true,"href":"https:\/\/avukatimtv.com\/index.php\/wp-json\/wp\/v2\/comments?post=2337"}],"version-history":[{"count":1,"href":"https:\/\/avukatimtv.com\/index.php\/wp-json\/wp\/v2\/posts\/2337\/revisions"}],"predecessor-version":[{"id":2339,"href":"https:\/\/avukatimtv.com\/index.php\/wp-json\/wp\/v2\/posts\/2337\/revisions\/2339"}],"wp:featuredmedia":[{"embeddable":true,"href":"https:\/\/avukatimtv.com\/index.php\/wp-json\/wp\/v2\/media\/2338"}],"wp:attachment":[{"href":"https:\/\/avukatimtv.com\/index.php\/wp-json\/wp\/v2\/media?parent=2337"}],"wp:term":[{"taxonomy":"category","embeddable":true,"href":"https:\/\/avukatimtv.com\/index.php\/wp-json\/wp\/v2\/categories?post=2337"},{"taxonomy":"post_tag","embeddable":true,"href":"https:\/\/avukatimtv.com\/index.php\/wp-json\/wp\/v2\/tags?post=2337"}],"curies":[{"name":"wp","href":"https:\/\/api.w.org\/{rel}","templated":true}]}}