{"id":2340,"date":"2025-02-13T14:09:41","date_gmt":"2025-02-13T11:09:41","guid":{"rendered":"https:\/\/avukatimtv.com\/?p=2340"},"modified":"2025-02-13T14:09:41","modified_gmt":"2025-02-13T11:09:41","slug":"park-yeri-tartismasi-kanli-bitti-muhtar-emlakciyi-silahla-oldurdu","status":"publish","type":"post","link":"https:\/\/avukatimtv.com\/index.php\/2025\/02\/13\/park-yeri-tartismasi-kanli-bitti-muhtar-emlakciyi-silahla-oldurdu\/","title":{"rendered":"Park yeri tart\u0131\u015fmas\u0131 kanl\u0131 bitti! Muhtar emlak\u00e7\u0131y\u0131 silahla \u00f6ld\u00fcrd\u00fc"},"content":{"rendered":"<h2 class=\"mt10 haber_ozet\">Bah\u00e7elievler&#8217;de mahalle muhtar\u0131yla emlak\u00e7\u0131 aras\u0131nda park yeri meselesinden tart\u0131\u015fma \u00e7\u0131kt\u0131. Muhtar kendisine \u00e7ak\u0131yla sald\u0131ran emlak\u00e7\u0131y\u0131 belinde ta\u015f\u0131d\u0131\u011f\u0131 silahla \u00f6ld\u00fcrd\u00fc. Muhtar \u00e7\u0131kar\u0131ld\u0131\u011f\u0131 adli makamlarca tutuklanarak cezaevine g\u00f6nderildi.<\/h2>\n<p>\u0130stanbul&#8217;un\u00a0Bah\u00e7elievler\u00a0il\u00e7esine ba\u011fl\u0131\u00a0\u015eirinevler\u00a0Mahallesi Er Sokak&#8217;ta 29 Ocak g\u00fcn\u00fc saat 14.00 s\u0131ralar\u0131nda vah\u015fet ya\u015fand\u0131. \u015eirinevler Mahallesi muhtar\u0131\u00a0\u0130brahim G\u00fczel, otomobiliyle geldi\u011fi sokakta\u00a0\u015eeref Y\u0131lmaz&#8217;\u0131n d\u00fckkan\u0131n\u0131n \u00f6n\u00fcndeki bo\u015f alana park etmek istedi. \u0130kili aras\u0131nda park yeri meselesinden tart\u0131\u015fma ba\u015flad\u0131.<\/p>\n<div id=\"inpage_desktop\"><\/div>\n<h3>PARK YER\u0130 MESELES\u0130NDEN EMLAK\u00c7IYI VURDU<\/h3>\n<p>K\u0131sa s\u00fcrede b\u00fcy\u00fcyen tart\u0131\u015fmada \u015eeref Y\u0131lmaz, yan\u0131ndaki \u00e7ak\u0131yla \u0130brahim G\u00fczel&#8217;e sald\u0131rd\u0131. G\u00fczel, belindeki silah\u0131 \u00e7\u0131kararak Y\u0131lmaz&#8217;a ate\u015f etti. \u00c7evredekilerin ihbar\u0131yla olay yerine polis ve sa\u011fl\u0131k ekipleri sevk edildi. Baca\u011f\u0131ndan ve omzundan yaralanan \u015eeref Y\u0131lmaz ambulansla hastaneye kald\u0131r\u0131l\u0131rken, muhtar \u0130brahim G\u00fczel polis taraf\u0131ndan g\u00f6zalt\u0131na al\u0131nd\u0131. Emniyetteki i\u015flemleri tamamlanan G\u00fczel, \u00e7\u0131kar\u0131ld\u0131\u011f\u0131 mahkemece tutuklanarak cezaevine g\u00f6nderildi.<\/p>\n<h3>13 G\u00dcN SONRA HAYATINI KAYBETT\u0130<\/h3>\n<p>A\u011f\u0131r yaral\u0131 olarak hastaneye kald\u0131r\u0131lan \u015eeref Y\u0131lmaz, yo\u011fun bak\u0131mda tedavi alt\u0131na al\u0131nd\u0131. Y\u0131lmaz, doktorlar\u0131n t\u00fcm m\u00fcdahalelerine ra\u011fmen bug\u00fcn \u00f6\u011fle saatlerinde hayat\u0131n\u0131 kaybetti. Y\u0131lmaz&#8217;\u0131n cenazesi yar\u0131n \u015eirinevler Ulu Camiinde ikindi namaz\u0131na m\u00fcteakip k\u0131l\u0131nacak cenaze namaz\u0131 sonras\u0131 defin edilecek.<\/p>\n<div class=\"wrapper detay-v3_3 haber_metni\">\n<h3>&#8220;BEN ULA\u015eTI\u011eIMDA KEND\u0130NDEYD\u0130&#8221;<\/h3>\n<p>Olay\u0131 g\u00f6ren sokak esnaf\u0131 Semiha Da\u011fyurdu, &#8220;Ben balkondayd\u0131m. O s\u0131rada ba\u011fr\u0131\u015fmalar\u0131 duydum. \u015eeref Bey&#8217;in, &#8216;Allah i\u00e7in git&#8217; dedi\u011fini duyduk \u00f6ncelikle. Arkas\u0131ndan kavga var, \u015eeref a\u011fabey biriyle kavga ediyor diye indik a\u015fa\u011f\u0131. Ama inerken merdivenden silah sesleri duyduk. Binan\u0131n \u00e7\u0131k\u0131\u015f\u0131nda da \u015eeref a\u011fabey yerdeydi. \u0130brahim bey de hala silah elinde, ate\u015f ediyordu. 8-9 el ate\u015f etti galiba, \u00e7\u00fcnk\u00fc yukar\u0131, havaya do\u011fru da ate\u015f etti. Adam yerdeydi. Yeti\u015fti\u011fimizde etraf\u0131 kalabal\u0131kt\u0131. Ben ula\u015ft\u0131\u011f\u0131mda kendindeydi. &#8216;\u015eeref a\u011fabey kendinde misin?&#8217; diye sordu\u011fumda, &#8216;Evet&#8217; diye cevap alm\u0131\u015ft\u0131m. Nereden yaral\u0131 oldu\u011funu bilmedi\u011fim i\u00e7in, orada gen\u00e7 bir \u00e7ocuk ilgileniyordu, bak\u0131yordu v\u00fccuduna. Aya\u011f\u0131ndan dedi \u00e7ocuk hatta. &#8216;Oraya bir ba\u011flay\u0131n&#8217; dedim ambulans gelene kadar. Aya\u011f\u0131n\u0131 ba\u011flad\u0131lar. Sonra omzundaki yaray\u0131 g\u00f6rd\u00fck&#8221; dedi.<\/p>\n<\/div>\n<div class=\"haberResim\"><img loading=\"lazy\" decoding=\"async\" id=\"haberResim\" src=\"https:\/\/foto.sondakika.com\/haber\/2025\/02\/13\/park-yeri-tartismasi-kanli-bitti-muhtar-18369102_1412_amp.jpg\" alt=\"Park yeri tart\u0131\u015fmas\u0131 kanl\u0131 bitti! Muhtar emlak\u00e7\u0131y\u0131 silahla \u00f6ld\u00fcrd\u00fc\" width=\"1200\" height=\"675\" \/><\/div>\n<div><\/div>\n<div><strong>KAYNAK : DHA<\/strong><\/div>\n","protected":false},"excerpt":{"rendered":"<p>Bah\u00e7elievler&#8217;de mahalle muhtar\u0131yla emlak\u00e7\u0131 aras\u0131nda park yeri meselesinden tart\u0131\u015fma \u00e7\u0131kt\u0131. Muhtar kendisine \u00e7ak\u0131yla sald\u0131ran emlak\u00e7\u0131y\u0131 belinde ta\u015f\u0131d\u0131\u011f\u0131 silahla \u00f6ld\u00fcrd\u00fc. Muhtar \u00e7\u0131kar\u0131ld\u0131\u011f\u0131 adli makamlarca tutuklanarak cezaevine g\u00f6nderildi. \u0130stanbul&#8217;un\u00a0Bah\u00e7elievler\u00a0il\u00e7esine ba\u011fl\u0131\u00a0\u015eirinevler\u00a0Mahallesi Er Sokak&#8217;ta 29 Ocak g\u00fcn\u00fc saat 14.00 s\u0131ralar\u0131nda vah\u015fet ya\u015fand\u0131. \u015eirinevler Mahallesi muhtar\u0131\u00a0\u0130brahim G\u00fczel, otomobiliyle geldi\u011fi sokakta\u00a0\u015eeref Y\u0131lmaz&#8217;\u0131n d\u00fckkan\u0131n\u0131n \u00f6n\u00fcndeki bo\u015f alana park etmek istedi. \u0130kili aras\u0131nda [&hellip;]<\/p>\n","protected":false},"author":1,"featured_media":2341,"comment_status":"closed","ping_status":"closed","sticky":false,"template":"","format":"standard","meta":{"footnotes":""},"categories":[7],"tags":[130,240,239,69,142,238,237],"class_list":["post-2340","post","type-post","status-publish","format-standard","has-post-thumbnail","hentry","category-gundem","tag-bahcelievler","tag-emlakci","tag-ibrahimguzel","tag-istanbul","tag-parkyeri","tag-serefyilmaz","tag-sirinevler"],"_links":{"self":[{"href":"https:\/\/avukatimtv.com\/index.php\/wp-json\/wp\/v2\/posts\/2340","targetHints":{"allow":["GET"]}}],"collection":[{"href":"https:\/\/avukatimtv.com\/index.php\/wp-json\/wp\/v2\/posts"}],"about":[{"href":"https:\/\/avukatimtv.com\/index.php\/wp-json\/wp\/v2\/types\/post"}],"author":[{"embeddable":true,"href":"https:\/\/avukatimtv.com\/index.php\/wp-json\/wp\/v2\/users\/1"}],"replies":[{"embeddable":true,"href":"https:\/\/avukatimtv.com\/index.php\/wp-json\/wp\/v2\/comments?post=2340"}],"version-history":[{"count":1,"href":"https:\/\/avukatimtv.com\/index.php\/wp-json\/wp\/v2\/posts\/2340\/revisions"}],"predecessor-version":[{"id":2342,"href":"https:\/\/avukatimtv.com\/index.php\/wp-json\/wp\/v2\/posts\/2340\/revisions\/2342"}],"wp:featuredmedia":[{"embeddable":true,"href":"https:\/\/avukatimtv.com\/index.php\/wp-json\/wp\/v2\/media\/2341"}],"wp:attachment":[{"href":"https:\/\/avukatimtv.com\/index.php\/wp-json\/wp\/v2\/media?parent=2340"}],"wp:term":[{"taxonomy":"category","embeddable":true,"href":"https:\/\/avukatimtv.com\/index.php\/wp-json\/wp\/v2\/categories?post=2340"},{"taxonomy":"post_tag","embeddable":true,"href":"https:\/\/avukatimtv.com\/index.php\/wp-json\/wp\/v2\/tags?post=2340"}],"curies":[{"name":"wp","href":"https:\/\/api.w.org\/{rel}","templated":true}]}}